{"id":66662,"date":"2025-05-04T09:35:12","date_gmt":"2025-05-04T15:35:12","guid":{"rendered":"https:\/\/encuentroinformativo.com.mx\/?p=66662"},"modified":"2025-05-04T02:13:56","modified_gmt":"2025-05-04T08:13:56","slug":"casillas-extraordinarias-no-tendran-boletas-para-elegir-cargos-al-poder-judicial","status":"publish","type":"post","link":"https:\/\/encuentroinformativo.com.mx\/?p=66662","title":{"rendered":"Casillas extraordinarias no tendr\u00e1n boletas para elegir cargos al Poder Judicial"},"content":{"rendered":"<p><strong>Elisa Aburto<\/strong><\/p>\n<p>Xalapa, Ver.- Por temas presupuestarios las casillas extraordinarias que se instalar\u00e1n para el proceso electoral del pr\u00f3ximo primero de junio solo contar\u00e1n con boletas para votar por las presidencias municipales, as\u00ed lo inform\u00f3 Josu\u00e9 Cervantes Mart\u00ednez Vocal Ejecutivo de la Junta Local del Instituto Nacional Electoral (INE) en Veracruz.<\/p>\n<p>En entrevista para<strong> Encuentro Informativo<\/strong> el funcionario del \u00f3rgano electoral explic\u00f3 que las personas que acudan a emitir su voto en las casillas extraordinarias \u00fanicamente podr\u00e1n hacerlo por alcaldes, pero no por los cargos que se elegir\u00e1n para el Poder Judicial.<\/p>\n<p>El funcionario del \u00f3rgano electoral afirm\u00f3 que dicha determinaci\u00f3n obedece \u00fanica y exclusivamente a un tema de recursos financieros, \u201cpor una cuesti\u00f3n de restricci\u00f3n presupuestal no pudimos ponerles sus casillas en esas extraordinarias, sus casillas espejo digamos las del Poder Judicial porque no nos alcanz\u00f3 el dinero entonces la lista nominal y las boletas de esas personas estar\u00e1n en el lugar donde deber\u00edan haber votado. En las casillas extraordinarias solo podr\u00e1n votar por alcaldes\u201d.<\/p>\n<p>Es un tema eminentemente de restricci\u00f3n presupuestal -reiter\u00f3- no nos alcanza para el n\u00famero de casillas que implica, porque se tienen muchos aspectos que cubrir entre otros por ejemplo la plantilla de capacitadores y supervisores, que es una plantilla muy grande, adem\u00e1s de todo lo que implica los materiales.<\/p>\n<p>Para concluir el funcionario del INE record\u00f3 que las casillas extraordinarias estar\u00e1n ubicadas en los lugares habituales de pasados procesos electorales, por lo que las personas que el d\u00eda de la jornada est\u00e9n fuera de sus municipios podr\u00e1n sufragar por los alcaldes del lugar en el que se encuentren en ese momento pero no podr\u00e1n sufragar por alguno de los diez cargos que se votar\u00e1n al Poder Judicial.<\/p>\n","protected":false},"excerpt":{"rendered":"<p>Elisa Aburto Xalapa, Ver.- Por temas presupuestarios las casillas extraordinarias que se instalar\u00e1n para el proceso electoral del pr\u00f3ximo primero de junio solo contar\u00e1n con boletas para votar por las presidencias municipales, as\u00ed lo inform\u00f3 Josu\u00e9 Cervantes Mart\u00ednez Vocal Ejecutivo de la Junta Local del Instituto Nacional Electoral (INE) en Veracruz. En entrevista para Encuentro [&hellip;]<\/p>\n","protected":false},"author":2476,"featured_media":66240,"comment_status":"open","ping_status":"open","sticky":false,"template":"","format":"standard","meta":{"_jetpack_memberships_contains_paid_content":false,"footnotes":""},"categories":[2],"tags":[],"class_list":["post-66662","post","type-post","status-publish","format-standard","has-post-thumbnail","hentry","category-estado"],"jetpack_featured_media_url":"https:\/\/encuentroinformativo.com.mx\/wp-content\/uploads\/2025\/04\/IMG-20250424-WA0315.jpg","jetpack_sharing_enabled":true,"jetpack_likes_enabled":true,"amp_enabled":true,"_links":{"self":[{"href":"https:\/\/encuentroinformativo.com.mx\/index.php?rest_route=\/wp\/v2\/posts\/66662","targetHints":{"allow":["GET"]}}],"collection":[{"href":"https:\/\/encuentroinformativo.com.mx\/index.php?rest_route=\/wp\/v2\/posts"}],"about":[{"href":"https:\/\/encuentroinformativo.com.mx\/index.php?rest_route=\/wp\/v2\/types\/post"}],"author":[{"embeddable":true,"href":"https:\/\/encuentroinformativo.com.mx\/index.php?rest_route=\/wp\/v2\/users\/2476"}],"replies":[{"embeddable":true,"href":"https:\/\/encuentroinformativo.com.mx\/index.php?rest_route=%2Fwp%2Fv2%2Fcomments&post=66662"}],"version-history":[{"count":1,"href":"https:\/\/encuentroinformativo.com.mx\/index.php?rest_route=\/wp\/v2\/posts\/66662\/revisions"}],"predecessor-version":[{"id":66663,"href":"https:\/\/encuentroinformativo.com.mx\/index.php?rest_route=\/wp\/v2\/posts\/66662\/revisions\/66663"}],"wp:featuredmedia":[{"embeddable":true,"href":"https:\/\/encuentroinformativo.com.mx\/index.php?rest_route=\/wp\/v2\/media\/66240"}],"wp:attachment":[{"href":"https:\/\/encuentroinformativo.com.mx\/index.php?rest_route=%2Fwp%2Fv2%2Fmedia&parent=66662"}],"wp:term":[{"taxonomy":"category","embeddable":true,"href":"https:\/\/encuentroinformativo.com.mx\/index.php?rest_route=%2Fwp%2Fv2%2Fcategories&post=66662"},{"taxonomy":"post_tag","embeddable":true,"href":"https:\/\/encuentroinformativo.com.mx\/index.php?rest_route=%2Fwp%2Fv2%2Ftags&post=66662"}],"curies":[{"name":"wp","href":"https:\/\/api.w.org\/{rel}","templated":true}]}}