{"id":66697,"date":"2025-05-05T15:53:36","date_gmt":"2025-05-05T21:53:36","guid":{"rendered":"https:\/\/encuentroinformativo.com.mx\/?p=66697"},"modified":"2025-05-05T15:53:36","modified_gmt":"2025-05-05T21:53:36","slug":"congreso-local-sin-solicitud-para-rendir-homenaje-al-exgobernador-fidel-herrera","status":"publish","type":"post","link":"https:\/\/encuentroinformativo.com.mx\/?p=66697","title":{"rendered":"Congreso Local sin solicitud para rendir homenaje al exgobernador Fidel Herrera"},"content":{"rendered":"<p><strong>Dar\u00edo Pale<\/strong><\/p>\n<p>Xalapa, Ver.- La presidenta de la mesa directiva del Congreso del Estado, Tania Carola Viveros Ch\u00e1zaro, inform\u00f3 que al momento no existe una solicitud de la familia del exgobernador Fidel Herrera Beltr\u00e1n para un homenaje en el Congreso Local y admiti\u00f3 que por parte de su partido MORENA habr\u00eda resistencia por este acto.<\/p>\n<p>En entrevista se\u00f1al\u00f3, &#8220;primero que llegue la solicitud, pero al final la que va a decidir es la Junta de Coordinaci\u00f3n Pol\u00edtica y no la Mesa Directiva, ser\u00e1 la JUCOPO la que determine si procede o no&#8221;.<\/p>\n<p>\u00bfHabr\u00eda cierta resistencia por parte de su partido?, se le inquiri\u00f3 a la morenista, desde luego, respondi\u00f3.<\/p>\n<p>Se trata de un personaje pol\u00e9mico, se le insisti\u00f3, me parece anticlimatico, nadie le desea la muerte a nadie, pero tampoco olvidamos. Una no debe hablar de alguien que ya no est\u00e1, es el respeto a la familia.<\/p>\n<p>Fidel Herrera Beltr\u00e1n, exgobernador de Veracruz, falleci\u00f3 a los 76 a\u00f1os este viernes 2 de mayo. Nacido en el municipio de Cosamaloapan, el 7 de marzo de 1949, Fidel Herrera Beltr\u00e1n se desempe\u00f1\u00f3 como gobernador de Veracruz de 2004 a 2010, por el PRI.<\/p>\n","protected":false},"excerpt":{"rendered":"<p>Dar\u00edo Pale Xalapa, Ver.- La presidenta de la mesa directiva del Congreso del Estado, Tania Carola Viveros Ch\u00e1zaro, inform\u00f3 que al momento no existe una solicitud de la familia del exgobernador Fidel Herrera Beltr\u00e1n para un homenaje en el Congreso Local y admiti\u00f3 que por parte de su partido MORENA habr\u00eda resistencia por este acto. [&hellip;]<\/p>\n","protected":false},"author":2476,"featured_media":66698,"comment_status":"open","ping_status":"open","sticky":false,"template":"","format":"standard","meta":{"_jetpack_memberships_contains_paid_content":false,"footnotes":""},"categories":[2],"tags":[],"class_list":["post-66697","post","type-post","status-publish","format-standard","has-post-thumbnail","hentry","category-estado"],"jetpack_featured_media_url":"https:\/\/encuentroinformativo.com.mx\/wp-content\/uploads\/2025\/05\/IMG-20250505-WA01762.jpg","jetpack_sharing_enabled":true,"jetpack_likes_enabled":true,"amp_enabled":true,"_links":{"self":[{"href":"https:\/\/encuentroinformativo.com.mx\/index.php?rest_route=\/wp\/v2\/posts\/66697","targetHints":{"allow":["GET"]}}],"collection":[{"href":"https:\/\/encuentroinformativo.com.mx\/index.php?rest_route=\/wp\/v2\/posts"}],"about":[{"href":"https:\/\/encuentroinformativo.com.mx\/index.php?rest_route=\/wp\/v2\/types\/post"}],"author":[{"embeddable":true,"href":"https:\/\/encuentroinformativo.com.mx\/index.php?rest_route=\/wp\/v2\/users\/2476"}],"replies":[{"embeddable":true,"href":"https:\/\/encuentroinformativo.com.mx\/index.php?rest_route=%2Fwp%2Fv2%2Fcomments&post=66697"}],"version-history":[{"count":1,"href":"https:\/\/encuentroinformativo.com.mx\/index.php?rest_route=\/wp\/v2\/posts\/66697\/revisions"}],"predecessor-version":[{"id":66699,"href":"https:\/\/encuentroinformativo.com.mx\/index.php?rest_route=\/wp\/v2\/posts\/66697\/revisions\/66699"}],"wp:featuredmedia":[{"embeddable":true,"href":"https:\/\/encuentroinformativo.com.mx\/index.php?rest_route=\/wp\/v2\/media\/66698"}],"wp:attachment":[{"href":"https:\/\/encuentroinformativo.com.mx\/index.php?rest_route=%2Fwp%2Fv2%2Fmedia&parent=66697"}],"wp:term":[{"taxonomy":"category","embeddable":true,"href":"https:\/\/encuentroinformativo.com.mx\/index.php?rest_route=%2Fwp%2Fv2%2Fcategories&post=66697"},{"taxonomy":"post_tag","embeddable":true,"href":"https:\/\/encuentroinformativo.com.mx\/index.php?rest_route=%2Fwp%2Fv2%2Ftags&post=66697"}],"curies":[{"name":"wp","href":"https:\/\/api.w.org\/{rel}","templated":true}]}}