{"id":66700,"date":"2025-05-05T18:06:30","date_gmt":"2025-05-06T00:06:30","guid":{"rendered":"https:\/\/encuentroinformativo.com.mx\/?p=66700"},"modified":"2025-05-05T18:06:30","modified_gmt":"2025-05-06T00:06:30","slug":"transporte-escolar-gratuito-para-ninos-medellinenses-memo-herrada","status":"publish","type":"post","link":"https:\/\/encuentroinformativo.com.mx\/?p=66700","title":{"rendered":"Transporte escolar gratuito para ni\u00f1os medellinenses: Memo Herrada"},"content":{"rendered":"<p><strong>Alejandro \u00c1vila<\/strong><\/p>\n<p>Medell\u00edn de Bravo, Ver.- Consiente de la creciente demanda de transporte p\u00fablico en la zona de fraccionamientos, donde muchas familias enfrentan dificultades significativas para llevar a sus hijos a la escuela, Guillermo Herrada Jim\u00e9nez, candidato a la presidencia municipal de Medell\u00edn de Bravo por Movimiento Ciudadano, propone la implementaci\u00f3n de rutas de transporte escolar gratuitas para ni\u00f1os de Kinder y primaria.<\/p>\n<p>El problema del transporte urbano en Medell\u00edn de Bravo ha sido una preocupaci\u00f3n constante. Muchos padres deben levantarse a muy tempranas horas para asegurar que sus hijos lleguen a tiempo a clases, y a menudo se ven obligados a hacer transbordos debido a la falta de un servicio adecuado. Esto no solo genera estr\u00e9s en las familias, sino que tambi\u00e9n afecta el rendimiento escolar de los ni\u00f1os.<\/p>\n<p>La propuesta de Memo Herrada busca aliviar esta carga, ofreciendo un servicio de transporte escolar gratuito, pero sobre todo, digno, que beneficiar\u00eda a numerosas familias medellinenses. \u201cSabemos que algunas familias gastan hasta 180 pesos diarios en transporte para sus hijos. Con esta medida, no solo mejoraremos el acceso a la educaci\u00f3n, sino que tambi\u00e9n apoyaremos la econom\u00eda familiar\u201d, declar\u00f3 el candidato.<\/p>\n<p>La implementaci\u00f3n de estas rutas garantizar\u00eda un acceso seguro y eficiente a las escuelas, permitiendo que los ni\u00f1os lleguen a tiempo y en un ambiente adecuado para aprender. Herrada Jim\u00e9nez se comprometi\u00f3 a trabajar en coordinaci\u00f3n con las autoridades escolares y de transporte para llevar a cabo esta iniciativa.<\/p>\n<p>De igual forma, la Implementaci\u00f3n de este transporte escolar ser\u00e1 de gran ayuda a la econom\u00eda de los hogares medellinenses que diario gastan cerca de 200 pesos para llevar a sus hijos a las escuelas.<\/p>\n<p>\u201cEs momento de poner por delante el bienestar de nuestros ni\u00f1os y de apoyar a las familias que luchan diariamente. Estamos comprometidos a construir un Medell\u00edn de Bravo donde todos tengan las mismas oportunidades,\u201d agreg\u00f3 el candidato.<\/p>\n","protected":false},"excerpt":{"rendered":"<p>Alejandro \u00c1vila Medell\u00edn de Bravo, Ver.- Consiente de la creciente demanda de transporte p\u00fablico en la zona de fraccionamientos, donde muchas familias enfrentan dificultades significativas para llevar a sus hijos a la escuela, Guillermo Herrada Jim\u00e9nez, candidato a la presidencia municipal de Medell\u00edn de Bravo por Movimiento Ciudadano, propone la implementaci\u00f3n de rutas de transporte [&hellip;]<\/p>\n","protected":false},"author":2476,"featured_media":66701,"comment_status":"open","ping_status":"open","sticky":false,"template":"","format":"standard","meta":{"_jetpack_memberships_contains_paid_content":false,"footnotes":""},"categories":[2],"tags":[],"class_list":["post-66700","post","type-post","status-publish","format-standard","has-post-thumbnail","hentry","category-estado"],"jetpack_featured_media_url":"https:\/\/encuentroinformativo.com.mx\/wp-content\/uploads\/2025\/05\/IMG-20250505-WA0291.jpg","jetpack_sharing_enabled":true,"jetpack_likes_enabled":true,"amp_enabled":true,"_links":{"self":[{"href":"https:\/\/encuentroinformativo.com.mx\/index.php?rest_route=\/wp\/v2\/posts\/66700","targetHints":{"allow":["GET"]}}],"collection":[{"href":"https:\/\/encuentroinformativo.com.mx\/index.php?rest_route=\/wp\/v2\/posts"}],"about":[{"href":"https:\/\/encuentroinformativo.com.mx\/index.php?rest_route=\/wp\/v2\/types\/post"}],"author":[{"embeddable":true,"href":"https:\/\/encuentroinformativo.com.mx\/index.php?rest_route=\/wp\/v2\/users\/2476"}],"replies":[{"embeddable":true,"href":"https:\/\/encuentroinformativo.com.mx\/index.php?rest_route=%2Fwp%2Fv2%2Fcomments&post=66700"}],"version-history":[{"count":1,"href":"https:\/\/encuentroinformativo.com.mx\/index.php?rest_route=\/wp\/v2\/posts\/66700\/revisions"}],"predecessor-version":[{"id":66702,"href":"https:\/\/encuentroinformativo.com.mx\/index.php?rest_route=\/wp\/v2\/posts\/66700\/revisions\/66702"}],"wp:featuredmedia":[{"embeddable":true,"href":"https:\/\/encuentroinformativo.com.mx\/index.php?rest_route=\/wp\/v2\/media\/66701"}],"wp:attachment":[{"href":"https:\/\/encuentroinformativo.com.mx\/index.php?rest_route=%2Fwp%2Fv2%2Fmedia&parent=66700"}],"wp:term":[{"taxonomy":"category","embeddable":true,"href":"https:\/\/encuentroinformativo.com.mx\/index.php?rest_route=%2Fwp%2Fv2%2Fcategories&post=66700"},{"taxonomy":"post_tag","embeddable":true,"href":"https:\/\/encuentroinformativo.com.mx\/index.php?rest_route=%2Fwp%2Fv2%2Ftags&post=66700"}],"curies":[{"name":"wp","href":"https:\/\/api.w.org\/{rel}","templated":true}]}}