{"id":6671,"date":"2020-10-08T13:42:43","date_gmt":"2020-10-08T18:42:43","guid":{"rendered":"https:\/\/encuentroinformativo.com.mx\/?p=6671"},"modified":"2020-10-08T13:44:10","modified_gmt":"2020-10-08T18:44:10","slug":"condenan-empresarios-desaparicion-de-fideicomisos","status":"publish","type":"post","link":"https:\/\/encuentroinformativo.com.mx\/?p=6671","title":{"rendered":"Condenan empresarios desaparici\u00f3n de fideicomisos"},"content":{"rendered":"\n<p><strong>Dar\u00edo Pale <\/strong><\/p>\n\n\n\n<p>Xalapa, Ver.- El presidente de la C\u00e1mara Nacional de Comercio (Canaco) Xalapa, Bernardo Mart\u00ednez R\u00edos, dio a conocer que&nbsp;diversas c\u00e1maras empresariales de Xalapa, lamentaron la extinci\u00f3n de los m\u00e1s de 100 fideicomisos, entre \u00e9stos el Fonden y otros que eran importantes para el desarrollo del pa\u00eds.<\/p>\n\n\n\n<p>Entrevistado en conocido caf\u00e9 del centro de Xalapa se\u00f1al\u00f3 que,&nbsp;&#8220;nosotros vemos que \u00e9sta desaparici\u00f3n en aras de la transparencia y el combate a la corrupci\u00f3n, pone en riesgo importantes situaciones como los derechos humanos, la tecnolog\u00eda o el Fonden, en un estado que, por su posici\u00f3n geogr\u00e1fica, nos preocupa mucho porque no sabemos si por la falta de ese recurso se ponga en riesgo a la poblaci\u00f3n&#8221;.<\/p>\n\n\n\n<p>Acompa\u00f1ado del presidente del Consejo Coordinador Empresarial (CCE), Octavio Jim\u00e9nez Silva, el presidente de la C\u00e1mara Nacional de la Industria de las Artes Gr\u00e1ficas (Canagraf), Fernando Arana Wattuy, entre otros, mencion\u00f3 que entre los fideicomisos que desaparecieron se encuentra el del 3 por ciento a la n\u00f3mina, que serv\u00eda para infraestructura y obra p\u00fablica.<\/p>\n\n\n\n<p>&#8220;Dada la precariedad de las finanzas estatales se tuvo que usar ese dinero para solventar gasto corriente, deuda, entendemos que muchas veces las finanzas no est\u00e1n preparadas para sostener fideicomisos, pero hay algunos muy importantes que sostienen la investigaci\u00f3n, la cultura, el deporte y hoy, lo que nos preocupa, es que todo ese dinero que se va a recoger;&nbsp; tenga otros fines y no se transparente el uso y manejo de esos recursos&#8221;, coment\u00f3.<\/p>\n\n\n\n<p>Mart\u00ednez R\u00edos se cuestion\u00f3 qu\u00e9 efecto tendr\u00e1n esos recursos, para qu\u00e9 van a servir y en ese sentido, no descart\u00f3 que los mismos se desv\u00eden a las campa\u00f1as electorales del proceso electoral 2021, por lo que subray\u00f3&nbsp;que en \u00e9stos momentos de pandemia es lamentable que tambi\u00e9n se haya desaparecido un fondo, que al parecer se estaba usando para la lucha contra el Covid-19.<\/p>\n\n\n\n<p>&#8220;No podemos estar en una pol\u00edtica en donde si algo no funciona, se desaparezca, me parece que deben ser puntos a revisar, hay que poner mecanismos de revisi\u00f3n y no se afecten a sectores como el de los periodistas&#8221;, finaliz\u00f3.<\/p>\n","protected":false},"excerpt":{"rendered":"<p>Dar\u00edo Pale Xalapa, Ver.- El presidente de la C\u00e1mara Nacional de Comercio (Canaco) Xalapa, Bernardo Mart\u00ednez R\u00edos, dio a conocer que&nbsp;diversas c\u00e1maras empresariales de Xalapa, lamentaron la extinci\u00f3n de los m\u00e1s de 100 fideicomisos, entre \u00e9stos el Fonden y otros que eran importantes para el desarrollo del pa\u00eds. Entrevistado en conocido caf\u00e9 del centro de [&hellip;]<\/p>\n","protected":false},"author":1,"featured_media":6674,"comment_status":"open","ping_status":"open","sticky":false,"template":"","format":"standard","meta":{"_jetpack_memberships_contains_paid_content":false,"footnotes":""},"categories":[2],"tags":[],"class_list":["post-6671","post","type-post","status-publish","format-standard","has-post-thumbnail","hentry","category-estado"],"jetpack_featured_media_url":"https:\/\/encuentroinformativo.com.mx\/wp-content\/uploads\/2020\/10\/9C082649-4245-4AB2-9E3E-46BD0A3519DC.jpeg","jetpack_sharing_enabled":true,"jetpack_likes_enabled":true,"amp_enabled":true,"_links":{"self":[{"href":"https:\/\/encuentroinformativo.com.mx\/index.php?rest_route=\/wp\/v2\/posts\/6671","targetHints":{"allow":["GET"]}}],"collection":[{"href":"https:\/\/encuentroinformativo.com.mx\/index.php?rest_route=\/wp\/v2\/posts"}],"about":[{"href":"https:\/\/encuentroinformativo.com.mx\/index.php?rest_route=\/wp\/v2\/types\/post"}],"author":[{"embeddable":true,"href":"https:\/\/encuentroinformativo.com.mx\/index.php?rest_route=\/wp\/v2\/users\/1"}],"replies":[{"embeddable":true,"href":"https:\/\/encuentroinformativo.com.mx\/index.php?rest_route=%2Fwp%2Fv2%2Fcomments&post=6671"}],"version-history":[{"count":2,"href":"https:\/\/encuentroinformativo.com.mx\/index.php?rest_route=\/wp\/v2\/posts\/6671\/revisions"}],"predecessor-version":[{"id":6675,"href":"https:\/\/encuentroinformativo.com.mx\/index.php?rest_route=\/wp\/v2\/posts\/6671\/revisions\/6675"}],"wp:featuredmedia":[{"embeddable":true,"href":"https:\/\/encuentroinformativo.com.mx\/index.php?rest_route=\/wp\/v2\/media\/6674"}],"wp:attachment":[{"href":"https:\/\/encuentroinformativo.com.mx\/index.php?rest_route=%2Fwp%2Fv2%2Fmedia&parent=6671"}],"wp:term":[{"taxonomy":"category","embeddable":true,"href":"https:\/\/encuentroinformativo.com.mx\/index.php?rest_route=%2Fwp%2Fv2%2Fcategories&post=6671"},{"taxonomy":"post_tag","embeddable":true,"href":"https:\/\/encuentroinformativo.com.mx\/index.php?rest_route=%2Fwp%2Fv2%2Ftags&post=6671"}],"curies":[{"name":"wp","href":"https:\/\/api.w.org\/{rel}","templated":true}]}}