{"id":66710,"date":"2025-05-05T22:30:41","date_gmt":"2025-05-06T04:30:41","guid":{"rendered":"https:\/\/encuentroinformativo.com.mx\/?p=66710"},"modified":"2025-05-05T22:30:41","modified_gmt":"2025-05-06T04:30:41","slug":"convoy-de-morena-atropella-y-mata-a-pescador-en-uxpanapa-deja-dos-ninos-huerfanos","status":"publish","type":"post","link":"https:\/\/encuentroinformativo.com.mx\/?p=66710","title":{"rendered":"Convoy de Morena atropella y mata a pescador en Uxpanapa; deja dos ni\u00f1os hu\u00e9rfanos"},"content":{"rendered":"<p>Uxpanapa, Ver.- Un hombre que se trasladaba en motocicleta muri\u00f3 la tarde del lunes 5 de mayo al ser atropellado por una camioneta que formaba parte del convoy del dirigente estatal de Morena, Esteban Ram\u00edrez Zepeta, en el municipio de Uxpanapa, al sur de Veracruz.<\/p>\n<p>La v\u00edctima fue identificada como Jos\u00e9 Luis Chipahua, vecino de la localidad de Los Juanes, quien se ganaba la vida vendiendo pescado en comunidades cercanas. De acuerdo con testimonios, Jos\u00e9 Luis regresaba de vender mojarra cuando fue embestido por uno de los veh\u00edculos que se desplazaban a alta velocidad sobre un camino de terracer\u00eda.<\/p>\n<p>El convoy acompa\u00f1aba a Ram\u00edrez Zepeta en una visita proselitista en apoyo a la candidata de Morena a la alcald\u00eda, Elsa Moreno.<\/p>\n<p>Vecinos de la zona afirmaron que, tras el impacto, varias de las camionetas continuaron su marcha, mientras que en el lugar del accidente quedaron la unidad involucrada y una patrulla de la Polic\u00eda Estatal. Testigos aseguran que elementos polic\u00edacos retiraron las placas del veh\u00edculo, as\u00ed como pertenencias del interior, y presuntamente habr\u00edan alterado la escena al mover el cuerpo de la v\u00edctima.<\/p>\n<p>Jos\u00e9 Luis dej\u00f3 en la orfandad a dos hijos, de 5 y 9 a\u00f1os. Su esposa, Cristina F\u00e9lix S\u00e1nchez, pidi\u00f3 justicia y apoyo de las autoridades: \u201cYo lo que quiero es que paguen el da\u00f1o que le hicieron a mi esposo\u2026 quiero justicia\u201d.<\/p>\n<p>La comunidad expres\u00f3 indignaci\u00f3n por lo ocurrido y critic\u00f3 la falta de atenci\u00f3n hacia la familia afectada.<\/p>\n<p>En respuesta, el representante de Morena ante el INE y el OPLE, Gabriel On\u00e9simo Z\u00fa\u00f1iga Obando, emiti\u00f3 un comunicado en el que asegur\u00f3 que se ha actuado con responsabilidad y que la persona responsable del accidente est\u00e1 a disposici\u00f3n de las autoridades. Afirm\u00f3 tambi\u00e9n que se brinda acompa\u00f1amiento legal a la familia, aunque hasta ahora los deudos no han confirmado ese contacto.<\/p>\n<p>Las autoridades locales no han emitido a\u00fan una versi\u00f3n oficial de los hechos.<\/p>\n","protected":false},"excerpt":{"rendered":"<p>Uxpanapa, Ver.- Un hombre que se trasladaba en motocicleta muri\u00f3 la tarde del lunes 5 de mayo al ser atropellado por una camioneta que formaba parte del convoy del dirigente estatal de Morena, Esteban Ram\u00edrez Zepeta, en el municipio de Uxpanapa, al sur de Veracruz. La v\u00edctima fue identificada como Jos\u00e9 Luis Chipahua, vecino de [&hellip;]<\/p>\n","protected":false},"author":2476,"featured_media":66711,"comment_status":"open","ping_status":"open","sticky":false,"template":"","format":"standard","meta":{"_jetpack_memberships_contains_paid_content":false,"footnotes":""},"categories":[2],"tags":[],"class_list":["post-66710","post","type-post","status-publish","format-standard","has-post-thumbnail","hentry","category-estado"],"jetpack_featured_media_url":"https:\/\/encuentroinformativo.com.mx\/wp-content\/uploads\/2025\/05\/Screenshot_20250505-222301.png","jetpack_sharing_enabled":true,"jetpack_likes_enabled":true,"amp_enabled":true,"_links":{"self":[{"href":"https:\/\/encuentroinformativo.com.mx\/index.php?rest_route=\/wp\/v2\/posts\/66710","targetHints":{"allow":["GET"]}}],"collection":[{"href":"https:\/\/encuentroinformativo.com.mx\/index.php?rest_route=\/wp\/v2\/posts"}],"about":[{"href":"https:\/\/encuentroinformativo.com.mx\/index.php?rest_route=\/wp\/v2\/types\/post"}],"author":[{"embeddable":true,"href":"https:\/\/encuentroinformativo.com.mx\/index.php?rest_route=\/wp\/v2\/users\/2476"}],"replies":[{"embeddable":true,"href":"https:\/\/encuentroinformativo.com.mx\/index.php?rest_route=%2Fwp%2Fv2%2Fcomments&post=66710"}],"version-history":[{"count":1,"href":"https:\/\/encuentroinformativo.com.mx\/index.php?rest_route=\/wp\/v2\/posts\/66710\/revisions"}],"predecessor-version":[{"id":66712,"href":"https:\/\/encuentroinformativo.com.mx\/index.php?rest_route=\/wp\/v2\/posts\/66710\/revisions\/66712"}],"wp:featuredmedia":[{"embeddable":true,"href":"https:\/\/encuentroinformativo.com.mx\/index.php?rest_route=\/wp\/v2\/media\/66711"}],"wp:attachment":[{"href":"https:\/\/encuentroinformativo.com.mx\/index.php?rest_route=%2Fwp%2Fv2%2Fmedia&parent=66710"}],"wp:term":[{"taxonomy":"category","embeddable":true,"href":"https:\/\/encuentroinformativo.com.mx\/index.php?rest_route=%2Fwp%2Fv2%2Fcategories&post=66710"},{"taxonomy":"post_tag","embeddable":true,"href":"https:\/\/encuentroinformativo.com.mx\/index.php?rest_route=%2Fwp%2Fv2%2Ftags&post=66710"}],"curies":[{"name":"wp","href":"https:\/\/api.w.org\/{rel}","templated":true}]}}