{"id":66713,"date":"2025-05-05T23:03:25","date_gmt":"2025-05-06T05:03:25","guid":{"rendered":"https:\/\/encuentroinformativo.com.mx\/?p=66713"},"modified":"2025-05-05T23:03:25","modified_gmt":"2025-05-06T05:03:25","slug":"confirman-participacion-de-monica-tejeda-en-el-debate","status":"publish","type":"post","link":"https:\/\/encuentroinformativo.com.mx\/?p=66713","title":{"rendered":"Confirman participaci\u00f3n de  M\u00f3nica Tejeda en el debate"},"content":{"rendered":"<p>Tecolutla, Ver.- M\u00f3nica Tejeda Hern\u00e1ndez confirm\u00f3 su participaci\u00f3n en el debate que organiza el Organismo P\u00fablico Local Electoral (OPLE) entre los candidatos a la presidencia municipal de Tecolutla.<\/p>\n<p>La abanderada de Movimiento Ciudadano (MC) aplaudi\u00f3 la iniciativa del \u00e1rbitro electoral porque permite a todos los candidatos la oportunidad de compartir sus propuestas de trabajo y participar en un intercambio de ideas que ayuda a los ciudadanos a elegir mejor a sus pr\u00f3ximos gobernantes.<\/p>\n<p>&#8220;El debate nos abre la puerta para compartir nuestro proyecto de gobierno y de compararlo con otras ideolog\u00edas y con otras formas de trabajo, pero sobre todo facilita a los ciudadanos la tarea de calificar a los candidatos para elegir el proyecto Naranja como lo mejor para Tecolutla&#8221;, explic\u00f3 M\u00f3nica Tejeda.<\/p>\n<p>La periodista recorre las comunidades de Tecolutla con gran aceptaci\u00f3n, porque es la \u00fanica que tiene un proyecto ciudadano donde la gente propone las ideas para implementar en el pr\u00f3ximo gobierno.<\/p>\n<p>Este fin de semana tambi\u00e9n recorri\u00f3 la colonia Tecolotitl\u00e1n y parte de la cabecera municipal, donde los vecinos le tienen gran afecto y le refrendan su voto para este 1 de junio.<\/p>\n","protected":false},"excerpt":{"rendered":"<p>Tecolutla, Ver.- M\u00f3nica Tejeda Hern\u00e1ndez confirm\u00f3 su participaci\u00f3n en el debate que organiza el Organismo P\u00fablico Local Electoral (OPLE) entre los candidatos a la presidencia municipal de Tecolutla. La abanderada de Movimiento Ciudadano (MC) aplaudi\u00f3 la iniciativa del \u00e1rbitro electoral porque permite a todos los candidatos la oportunidad de compartir sus propuestas de trabajo y [&hellip;]<\/p>\n","protected":false},"author":2476,"featured_media":66716,"comment_status":"open","ping_status":"open","sticky":false,"template":"","format":"standard","meta":{"_jetpack_memberships_contains_paid_content":false,"footnotes":""},"categories":[2],"tags":[],"class_list":["post-66713","post","type-post","status-publish","format-standard","has-post-thumbnail","hentry","category-estado"],"jetpack_featured_media_url":"https:\/\/encuentroinformativo.com.mx\/wp-content\/uploads\/2025\/05\/IMG-20250505-WA01263.jpg","jetpack_sharing_enabled":true,"jetpack_likes_enabled":true,"amp_enabled":true,"_links":{"self":[{"href":"https:\/\/encuentroinformativo.com.mx\/index.php?rest_route=\/wp\/v2\/posts\/66713","targetHints":{"allow":["GET"]}}],"collection":[{"href":"https:\/\/encuentroinformativo.com.mx\/index.php?rest_route=\/wp\/v2\/posts"}],"about":[{"href":"https:\/\/encuentroinformativo.com.mx\/index.php?rest_route=\/wp\/v2\/types\/post"}],"author":[{"embeddable":true,"href":"https:\/\/encuentroinformativo.com.mx\/index.php?rest_route=\/wp\/v2\/users\/2476"}],"replies":[{"embeddable":true,"href":"https:\/\/encuentroinformativo.com.mx\/index.php?rest_route=%2Fwp%2Fv2%2Fcomments&post=66713"}],"version-history":[{"count":2,"href":"https:\/\/encuentroinformativo.com.mx\/index.php?rest_route=\/wp\/v2\/posts\/66713\/revisions"}],"predecessor-version":[{"id":66717,"href":"https:\/\/encuentroinformativo.com.mx\/index.php?rest_route=\/wp\/v2\/posts\/66713\/revisions\/66717"}],"wp:featuredmedia":[{"embeddable":true,"href":"https:\/\/encuentroinformativo.com.mx\/index.php?rest_route=\/wp\/v2\/media\/66716"}],"wp:attachment":[{"href":"https:\/\/encuentroinformativo.com.mx\/index.php?rest_route=%2Fwp%2Fv2%2Fmedia&parent=66713"}],"wp:term":[{"taxonomy":"category","embeddable":true,"href":"https:\/\/encuentroinformativo.com.mx\/index.php?rest_route=%2Fwp%2Fv2%2Fcategories&post=66713"},{"taxonomy":"post_tag","embeddable":true,"href":"https:\/\/encuentroinformativo.com.mx\/index.php?rest_route=%2Fwp%2Fv2%2Ftags&post=66713"}],"curies":[{"name":"wp","href":"https:\/\/api.w.org\/{rel}","templated":true}]}}