{"id":66722,"date":"2025-05-06T10:12:55","date_gmt":"2025-05-06T16:12:55","guid":{"rendered":"https:\/\/encuentroinformativo.com.mx\/?p=66722"},"modified":"2025-05-06T10:12:55","modified_gmt":"2025-05-06T16:12:55","slug":"familia-de-jose-luis-chipahua-exige-justicia-por-su-muerte-en-accidente-vial","status":"publish","type":"post","link":"https:\/\/encuentroinformativo.com.mx\/?p=66722","title":{"rendered":"Familia de Jos\u00e9 Luis Chipahua exige justicia por su muerte en accidente vial"},"content":{"rendered":"<p><strong>* Se esperan manifestaciones el d\u00eda de hoy.<\/strong><\/p>\n<p><strong>Jos\u00e9 Vargas<\/strong><\/p>\n<p>Veracruz, Ver.- La ma\u00f1ana de este martes ha estado marcada por el dolor y la indignaci\u00f3n de la familia de Jos\u00e9 Luis Chipahua Bernab\u00e9, quien perdi\u00f3 la vida en un tr\u00e1gico accidente automovil\u00edstico ocurrido el d\u00eda anterior. El hecho ha generado conmoci\u00f3n entre la comunidad, no solo por la p\u00e9rdida irreparable de una vida humana, sino por la presunta negligencia de las autoridades tras el suceso.<\/p>\n<p>Seg\u00fan versiones de los familiares y testigos, el accidente fue causado por un conductor que circulaba a exceso de velocidad. El veh\u00edculo transportaba a Esteban Ram\u00edrez Zepeta, dirigente estatal de Morena, con rumbo a un mitin pol\u00edtico. La velocidad inmoderada, afirman los allegados de la v\u00edctima, fue un factor determinante para que ocurriera el lamentable incidente.<\/p>\n<p>Jos\u00e9 Luis Chipahua Bernab\u00e9 deja en duelo a su esposa, hijos, madre, padre, hermanos y dem\u00e1s familiares, quienes han hecho p\u00fablico su dolor y frustraci\u00f3n ante la falta de respuestas por parte de las autoridades. A casi 24 horas del accidente, denuncian que no han recibido apoyo de ninguna dependencia oficial y que la Fiscal\u00eda del estado se ha negado incluso a recibir la denuncia formal.<\/p>\n<p>\u201cLa p\u00e9rdida de Jos\u00e9 Luis no puede quedar en el olvido ni en la impunidad. No es justo que, por la imprudencia de un conductor que antepuso un acto pol\u00edtico a la seguridad vial, una familia tenga que sufrir esta tragedia\u201d, expres\u00f3 uno de los hermanos del fallecido en una declaraci\u00f3n p\u00fablica.<\/p>\n<p>La familia ha convocado a la ciudadan\u00eda a solidarizarse con su causa y acompa\u00f1arlos este martes a las 8:00 de la ma\u00f1ana en las instalaciones de la Fiscal\u00eda General del Estado, donde exigir\u00e1n que se abra una carpeta de investigaci\u00f3n y que se determine la responsabilidad penal correspondiente.<\/p>\n<p>\u201cHoy lloramos la p\u00e9rdida de un hijo, un esposo, un padre, un hermano. Pedimos justicia, no solo por Jos\u00e9 Luis, sino para que este tipo de hechos no se repitan. No podemos permitir que se normalice la impunidad\u201d, se\u00f1alaron sus allegados.<\/p>\n<p>Hasta el momento, ninguna autoridad estatal o representante del partido Morena ha emitido una declaraci\u00f3n oficial sobre el incidente ni sobre las acusaciones de omisi\u00f3n institucional presentadas por la familia de la v\u00edctima.<\/p>\n","protected":false},"excerpt":{"rendered":"<p>* Se esperan manifestaciones el d\u00eda de hoy. Jos\u00e9 Vargas Veracruz, Ver.- La ma\u00f1ana de este martes ha estado marcada por el dolor y la indignaci\u00f3n de la familia de Jos\u00e9 Luis Chipahua Bernab\u00e9, quien perdi\u00f3 la vida en un tr\u00e1gico accidente automovil\u00edstico ocurrido el d\u00eda anterior. El hecho ha generado conmoci\u00f3n entre la comunidad, [&hellip;]<\/p>\n","protected":false},"author":2476,"featured_media":66723,"comment_status":"open","ping_status":"open","sticky":false,"template":"","format":"standard","meta":{"_jetpack_memberships_contains_paid_content":false,"footnotes":""},"categories":[2],"tags":[],"class_list":["post-66722","post","type-post","status-publish","format-standard","has-post-thumbnail","hentry","category-estado"],"jetpack_featured_media_url":"https:\/\/encuentroinformativo.com.mx\/wp-content\/uploads\/2025\/05\/IMG-20250506-WA00131.jpg","jetpack_sharing_enabled":true,"jetpack_likes_enabled":true,"amp_enabled":true,"_links":{"self":[{"href":"https:\/\/encuentroinformativo.com.mx\/index.php?rest_route=\/wp\/v2\/posts\/66722","targetHints":{"allow":["GET"]}}],"collection":[{"href":"https:\/\/encuentroinformativo.com.mx\/index.php?rest_route=\/wp\/v2\/posts"}],"about":[{"href":"https:\/\/encuentroinformativo.com.mx\/index.php?rest_route=\/wp\/v2\/types\/post"}],"author":[{"embeddable":true,"href":"https:\/\/encuentroinformativo.com.mx\/index.php?rest_route=\/wp\/v2\/users\/2476"}],"replies":[{"embeddable":true,"href":"https:\/\/encuentroinformativo.com.mx\/index.php?rest_route=%2Fwp%2Fv2%2Fcomments&post=66722"}],"version-history":[{"count":2,"href":"https:\/\/encuentroinformativo.com.mx\/index.php?rest_route=\/wp\/v2\/posts\/66722\/revisions"}],"predecessor-version":[{"id":66725,"href":"https:\/\/encuentroinformativo.com.mx\/index.php?rest_route=\/wp\/v2\/posts\/66722\/revisions\/66725"}],"wp:featuredmedia":[{"embeddable":true,"href":"https:\/\/encuentroinformativo.com.mx\/index.php?rest_route=\/wp\/v2\/media\/66723"}],"wp:attachment":[{"href":"https:\/\/encuentroinformativo.com.mx\/index.php?rest_route=%2Fwp%2Fv2%2Fmedia&parent=66722"}],"wp:term":[{"taxonomy":"category","embeddable":true,"href":"https:\/\/encuentroinformativo.com.mx\/index.php?rest_route=%2Fwp%2Fv2%2Fcategories&post=66722"},{"taxonomy":"post_tag","embeddable":true,"href":"https:\/\/encuentroinformativo.com.mx\/index.php?rest_route=%2Fwp%2Fv2%2Ftags&post=66722"}],"curies":[{"name":"wp","href":"https:\/\/api.w.org\/{rel}","templated":true}]}}