{"id":66731,"date":"2025-05-06T11:55:29","date_gmt":"2025-05-06T17:55:29","guid":{"rendered":"https:\/\/encuentroinformativo.com.mx\/?p=66731"},"modified":"2025-05-06T11:55:29","modified_gmt":"2025-05-06T17:55:29","slug":"sacaremos-a-tecolutla-de-las-penumbras-monica-tejeda","status":"publish","type":"post","link":"https:\/\/encuentroinformativo.com.mx\/?p=66731","title":{"rendered":"&#8220;\u00a1Sacaremos a Tecolutla de las penumbras&#8221;!: M\u00f3nica Tejeda"},"content":{"rendered":"<p><strong>* La f\u00f3rmula Naranja visit\u00f3 <\/strong><strong>la calle Carlos Prieto, que <\/strong><strong>anta\u00f1o era referente para <\/strong><strong>el turismo y ahora est\u00e1 en <\/strong><strong>tinieblas y con pestilencia <\/strong><br \/>\n<strong>por el drenaje colapsado.<\/strong><\/p>\n<p>Tecolutla, Ver.-\u00a0&#8220;\u00a1Sacaremos a Tecolutla de las tinieblas!&#8221;, se comprometi\u00f3 M\u00f3nica Tejeda, la candidata de Movimiento Ciudadano (MC) a la presidencia municipal de Tecolutla, quien lament\u00f3 que haya calles en penumbras en la cabecera municipal como la Carlos Prieto que anta\u00f1o era referente para el turismo nacional e internacional.<\/p>\n<p>Acompa\u00f1ado de los candidatos a regidores, Margarita Corte y David Garc\u00eda Valencia, comparti\u00f3 que vivi\u00f3 en la Carlos Prieto durante algunos a\u00f1os y que por eso le causa tristeza ver qu\u00e9 los vecinos padecen la falta de alumbrado p\u00fablico, la pestilencia por el drenaje colapsado y un ineficiente servicio de recolecci\u00f3n de basura.<\/p>\n<p>La candidata mencion\u00f3 a los ciudadanos que una de sus propuestas para resolver de forma inmediata el problema del drenaje en la cabecera municipal es adquirir un cami\u00f3n vactor para Tecolutla, lo que puede lograrse con la aplicaci\u00f3n de fondos federales qu\u00e9 llegan a este municipio cada a\u00f1o.<\/p>\n<p>Por citar un ejemplo precis\u00f3 que en 2025 recibi\u00f3 el Ayuntamiento de Tecolutla, de Fortamundf (Fondo de Aportaciones Para el Fortalecimiento Municipal) la cantidad de 23 millones 431 mil 71 pesos, mientras que un cami\u00f3n Vactor tiene un costo promedio de 2 millones de pesos.<\/p>\n<p>Su adquisici\u00f3n -explic\u00f3- evitar\u00eda rentar el cami\u00f3n cada vez que se requiriera, representando un ahorro al municipio, adem\u00e1s de que se podr\u00eda ofrecer en arrendamiento a los municipios aleda\u00f1os, para generar ingresos al Ayuntamiento.<\/p>\n<p style=\"text-align: center;\">\n<strong>Juntos sacaremos adelante <\/strong><br \/>\n<strong>al pueblo: Margarita Corte<\/strong><\/p>\n<p>Margarita Corte M\u00e9ndez, quien le acompa\u00f1\u00f3 en esta caminata, a\u00f1adi\u00f3 que siente nostalgia por el abandono en que se encuentra esta zona donde vivi\u00f3 su infancia, por lo que hizo un llamado a la unidad de los habitantes.<\/p>\n<p>&#8220;Juntarnos entre vecinos, \u00a1unirnos entre vecinos!, y entre todos sacar adelante al pueblo&#8221;, convoc\u00f3 con entusiasmo.<\/p>\n<p style=\"text-align: center;\"><strong>Voto de confianza o voto de<\/strong><br \/>\n<strong>castigo: David Garc\u00eda Valencia<\/strong><\/p>\n<p>David Garc\u00eda Valencia, por su parte, deplor\u00f3 que la situaci\u00f3n de abandono del alumbrado p\u00fablico, la seguridad, la energ\u00eda el\u00e9ctrica, el drenaje y limpia p\u00fablica, entre otros rubros, se repita en comunidades como La Guadalupe y Boca de Lima, as\u00ed como tambi\u00e9n en la mayor\u00eda de comunidades y colonias de Tecolutla.<\/p>\n<p>Por eso, declar\u00f3 en\u00e9rgico que est\u00e9 1 de junio la ciudadan\u00eda tecolutle\u00f1a ejercer\u00e1 &#8220;voto de confianza en favor de Movimiento Ciudadano y voto de castigo&#8221; contra quienes no han tenido la capacidad de gobernar bien a Tecolutla.<\/p>\n","protected":false},"excerpt":{"rendered":"<p>* La f\u00f3rmula Naranja visit\u00f3 la calle Carlos Prieto, que anta\u00f1o era referente para el turismo y ahora est\u00e1 en tinieblas y con pestilencia por el drenaje colapsado. Tecolutla, Ver.-\u00a0&#8220;\u00a1Sacaremos a Tecolutla de las tinieblas!&#8221;, se comprometi\u00f3 M\u00f3nica Tejeda, la candidata de Movimiento Ciudadano (MC) a la presidencia municipal de Tecolutla, quien lament\u00f3 que haya [&hellip;]<\/p>\n","protected":false},"author":2476,"featured_media":66732,"comment_status":"open","ping_status":"open","sticky":false,"template":"","format":"standard","meta":{"_jetpack_memberships_contains_paid_content":false,"footnotes":""},"categories":[2],"tags":[],"class_list":["post-66731","post","type-post","status-publish","format-standard","has-post-thumbnail","hentry","category-estado"],"jetpack_featured_media_url":"https:\/\/encuentroinformativo.com.mx\/wp-content\/uploads\/2025\/05\/IMG-20250506-WA0042.jpg","jetpack_sharing_enabled":true,"jetpack_likes_enabled":true,"amp_enabled":true,"_links":{"self":[{"href":"https:\/\/encuentroinformativo.com.mx\/index.php?rest_route=\/wp\/v2\/posts\/66731","targetHints":{"allow":["GET"]}}],"collection":[{"href":"https:\/\/encuentroinformativo.com.mx\/index.php?rest_route=\/wp\/v2\/posts"}],"about":[{"href":"https:\/\/encuentroinformativo.com.mx\/index.php?rest_route=\/wp\/v2\/types\/post"}],"author":[{"embeddable":true,"href":"https:\/\/encuentroinformativo.com.mx\/index.php?rest_route=\/wp\/v2\/users\/2476"}],"replies":[{"embeddable":true,"href":"https:\/\/encuentroinformativo.com.mx\/index.php?rest_route=%2Fwp%2Fv2%2Fcomments&post=66731"}],"version-history":[{"count":2,"href":"https:\/\/encuentroinformativo.com.mx\/index.php?rest_route=\/wp\/v2\/posts\/66731\/revisions"}],"predecessor-version":[{"id":66734,"href":"https:\/\/encuentroinformativo.com.mx\/index.php?rest_route=\/wp\/v2\/posts\/66731\/revisions\/66734"}],"wp:featuredmedia":[{"embeddable":true,"href":"https:\/\/encuentroinformativo.com.mx\/index.php?rest_route=\/wp\/v2\/media\/66732"}],"wp:attachment":[{"href":"https:\/\/encuentroinformativo.com.mx\/index.php?rest_route=%2Fwp%2Fv2%2Fmedia&parent=66731"}],"wp:term":[{"taxonomy":"category","embeddable":true,"href":"https:\/\/encuentroinformativo.com.mx\/index.php?rest_route=%2Fwp%2Fv2%2Fcategories&post=66731"},{"taxonomy":"post_tag","embeddable":true,"href":"https:\/\/encuentroinformativo.com.mx\/index.php?rest_route=%2Fwp%2Fv2%2Ftags&post=66731"}],"curies":[{"name":"wp","href":"https:\/\/api.w.org\/{rel}","templated":true}]}}