{"id":66740,"date":"2025-05-06T17:08:58","date_gmt":"2025-05-06T23:08:58","guid":{"rendered":"https:\/\/encuentroinformativo.com.mx\/?p=66740"},"modified":"2025-05-06T17:08:58","modified_gmt":"2025-05-06T23:08:58","slug":"mexico-no-esta-preparado-para-reduccion-de-jornada-laboral","status":"publish","type":"post","link":"https:\/\/encuentroinformativo.com.mx\/?p=66740","title":{"rendered":"M\u00e9xico no est\u00e1 preparado para reducci\u00f3n de jornada laboral"},"content":{"rendered":"<p><strong>Dar\u00edo Pale<\/strong><\/p>\n<p>Xalapa, Ver.- Fernando Arana Watty presidente del Consejo Empresarial Metropolitano dio a conocer que M\u00e9xico no est\u00e1 preparado para que solo se trabajen 40 horas a la semana, y en el di\u00e1logo con candidatos de diferentes partidos, empresarios pidieron que se trabaje de manera coordinada.<\/p>\n<p>En entrevista se\u00f1al\u00f3 que, con la reducci\u00f3n de horas laborales, el sector empresarial asegur\u00f3 que M\u00e9xico no est\u00e1 preparado para aplicarlo, pues mucha industria trabaja las 24 horas, por lo que se deber\u00eda hacer el cambio de horarios a turnos de 6 horas, por lo que algunos cambios de horario se har\u00edan alrededor de las 11 de la noche a 4 de la madrugada, cuando no se cuenta ya con transporte p\u00fablico.<\/p>\n<p>Y es que dijo, no hay calles ni colonias seguras, para poder trasladarse caminando, ni para hombres ni para mujeres, por lo que este cambio deber\u00eda ser paulatino, ya que el consumidor tambi\u00e9n se ver\u00eda perjudicado pues habr\u00e1 negocios que deban cerrar no solo domingos sino tambi\u00e9n s\u00e1bados para poder cumplir este horario.<\/p>\n<p>Insisti\u00f3 en que son muchos los puntos en los que no se est\u00e1 preparado, como la movilidad, transporte p\u00fablico, acortar horarios de atenci\u00f3n que modificar\u00edan estilos de vida, necesidades por parte de las empresas, la seguridad, y mucho m\u00e1s.<\/p>\n<p>Recalc\u00f3 que lo que piden es que sea de manera paulatina para ir solucionando problem\u00e1ticas que vayan surgiendo.<\/p>\n<p>En otro orden de ideas en lo que se refiere a las campa\u00f1as pol\u00edticas coment\u00f3 que, en el di\u00e1logo con candidatos de diferentes partidos, empresarios pidieron que se trabaje de manera coordinada, sector p\u00fablico y privado para detonar Xalapa.<\/p>\n<p>Explic\u00f3 que con estos se podr\u00eda incrementar el turismo, los hoteles y restaurantes as\u00ed como temas culturales.<\/p>\n<p>En el tema del estiaje admiti\u00f3 que s\u00ed hace falta, pero detectaron que a comparaci\u00f3n con el a\u00f1o pasado han notado que hay menos desabasto este a\u00f1o, por lo que esperan que siga igual.<\/p>\n<p>Asimismo el tema de seguridad es uno de los principales que se tocan con los candidatos, debido a que las extorsiones siguen pero se han denunciado en menor cantidad por temor.<\/p>\n<p>Finalmente coment\u00f3 que la c\u00e1mara de comercio dijo que es la que presenta m\u00e1s casos, alrededor de tres a cuatro al mes.<\/p>\n","protected":false},"excerpt":{"rendered":"<p>Dar\u00edo Pale Xalapa, Ver.- Fernando Arana Watty presidente del Consejo Empresarial Metropolitano dio a conocer que M\u00e9xico no est\u00e1 preparado para que solo se trabajen 40 horas a la semana, y en el di\u00e1logo con candidatos de diferentes partidos, empresarios pidieron que se trabaje de manera coordinada. En entrevista se\u00f1al\u00f3 que, con la reducci\u00f3n de [&hellip;]<\/p>\n","protected":false},"author":2476,"featured_media":66741,"comment_status":"open","ping_status":"open","sticky":false,"template":"","format":"standard","meta":{"_jetpack_memberships_contains_paid_content":false,"footnotes":""},"categories":[3],"tags":[],"class_list":["post-66740","post","type-post","status-publish","format-standard","has-post-thumbnail","hentry","category-xalapa"],"jetpack_featured_media_url":"https:\/\/encuentroinformativo.com.mx\/wp-content\/uploads\/2025\/05\/IMG-20250506-WA0076.jpg","jetpack_sharing_enabled":true,"jetpack_likes_enabled":true,"amp_enabled":true,"_links":{"self":[{"href":"https:\/\/encuentroinformativo.com.mx\/index.php?rest_route=\/wp\/v2\/posts\/66740","targetHints":{"allow":["GET"]}}],"collection":[{"href":"https:\/\/encuentroinformativo.com.mx\/index.php?rest_route=\/wp\/v2\/posts"}],"about":[{"href":"https:\/\/encuentroinformativo.com.mx\/index.php?rest_route=\/wp\/v2\/types\/post"}],"author":[{"embeddable":true,"href":"https:\/\/encuentroinformativo.com.mx\/index.php?rest_route=\/wp\/v2\/users\/2476"}],"replies":[{"embeddable":true,"href":"https:\/\/encuentroinformativo.com.mx\/index.php?rest_route=%2Fwp%2Fv2%2Fcomments&post=66740"}],"version-history":[{"count":1,"href":"https:\/\/encuentroinformativo.com.mx\/index.php?rest_route=\/wp\/v2\/posts\/66740\/revisions"}],"predecessor-version":[{"id":66742,"href":"https:\/\/encuentroinformativo.com.mx\/index.php?rest_route=\/wp\/v2\/posts\/66740\/revisions\/66742"}],"wp:featuredmedia":[{"embeddable":true,"href":"https:\/\/encuentroinformativo.com.mx\/index.php?rest_route=\/wp\/v2\/media\/66741"}],"wp:attachment":[{"href":"https:\/\/encuentroinformativo.com.mx\/index.php?rest_route=%2Fwp%2Fv2%2Fmedia&parent=66740"}],"wp:term":[{"taxonomy":"category","embeddable":true,"href":"https:\/\/encuentroinformativo.com.mx\/index.php?rest_route=%2Fwp%2Fv2%2Fcategories&post=66740"},{"taxonomy":"post_tag","embeddable":true,"href":"https:\/\/encuentroinformativo.com.mx\/index.php?rest_route=%2Fwp%2Fv2%2Ftags&post=66740"}],"curies":[{"name":"wp","href":"https:\/\/api.w.org\/{rel}","templated":true}]}}