{"id":66746,"date":"2025-05-06T17:18:59","date_gmt":"2025-05-06T23:18:59","guid":{"rendered":"https:\/\/encuentroinformativo.com.mx\/?p=66746"},"modified":"2025-05-06T17:18:59","modified_gmt":"2025-05-06T23:18:59","slug":"mayor-conectividad-para-boca-del-rio-zarrabal","status":"publish","type":"post","link":"https:\/\/encuentroinformativo.com.mx\/?p=66746","title":{"rendered":"Mayor conectividad para Boca del R\u00edo: Zarrabal"},"content":{"rendered":"<p><strong>Alejandro \u00c1vila<\/strong><\/p>\n<p>Boca del R\u00edo, Ver.- El candidato de Movimiento Ciudadano al gobierno municipal de Boca del R\u00edo Ra\u00fal Zarrabal Ferat destac\u00f3 que temas como el mejoramiento de los servicios p\u00fablicos, la activaci\u00f3n econ\u00f3mica de la ciudad y su conectividad son ejes centrales para lo que ser\u00e1 su gobierno.<\/p>\n<p>Durante el octavo d\u00eda de campa\u00f1a rumbo al gobierno municipal coment\u00f3 que durante los recorridos realizados, los pobladores han externado su descontento por el abandono que existe en materia de obras.<\/p>\n<p>\u201cLa sensaci\u00f3n del ciudadano es o lo ha sido, el tema de que sienten el abandono y no solo implica en servicios sino en la atenci\u00f3n por parte de sus autoridades, la gente necesita y lo ha marcado mucho la activaci\u00f3n econ\u00f3mica, los servicios p\u00fablicos es un tema central y la promoci\u00f3n econ\u00f3mica y tur\u00edstica de la ciudad es parte de los ejes, lo vemos como tema principal de Boca del R\u00edo\u201d, destac\u00f3.<\/p>\n<p>Consider\u00f3 importante que se refuerce el tema de la promoci\u00f3n econ\u00f3mica de la ciudad, pero bajo el concepto de que se mejoren los servicios para hacer m\u00e1s atractiva la oferta.<\/p>\n<p>Otro de los ejes es el tema de la conectividad ya que se\u00f1al\u00f3 que muchos boque\u00f1os salen a trabajar a los municipios vecinos como a su vez, habitantes de localidades cercanas vienen a trabajar a Boca del R\u00edo y requieren de nuevas y mejores vialidades, renovaci\u00f3n de sem\u00e1foros y accesos m\u00e1s r\u00e1pidos.<\/p>\n<p>Dijo que uno de los accesos principales para atender la conexi\u00f3n a la cabecera municipal.<\/p>\n","protected":false},"excerpt":{"rendered":"<p>Alejandro \u00c1vila Boca del R\u00edo, Ver.- El candidato de Movimiento Ciudadano al gobierno municipal de Boca del R\u00edo Ra\u00fal Zarrabal Ferat destac\u00f3 que temas como el mejoramiento de los servicios p\u00fablicos, la activaci\u00f3n econ\u00f3mica de la ciudad y su conectividad son ejes centrales para lo que ser\u00e1 su gobierno. Durante el octavo d\u00eda de campa\u00f1a [&hellip;]<\/p>\n","protected":false},"author":2476,"featured_media":66747,"comment_status":"open","ping_status":"open","sticky":false,"template":"","format":"standard","meta":{"_jetpack_memberships_contains_paid_content":false,"footnotes":""},"categories":[2],"tags":[],"class_list":["post-66746","post","type-post","status-publish","format-standard","has-post-thumbnail","hentry","category-estado"],"jetpack_featured_media_url":"https:\/\/encuentroinformativo.com.mx\/wp-content\/uploads\/2025\/05\/IMG-20250506-WA01302.jpg","jetpack_sharing_enabled":true,"jetpack_likes_enabled":true,"amp_enabled":true,"_links":{"self":[{"href":"https:\/\/encuentroinformativo.com.mx\/index.php?rest_route=\/wp\/v2\/posts\/66746","targetHints":{"allow":["GET"]}}],"collection":[{"href":"https:\/\/encuentroinformativo.com.mx\/index.php?rest_route=\/wp\/v2\/posts"}],"about":[{"href":"https:\/\/encuentroinformativo.com.mx\/index.php?rest_route=\/wp\/v2\/types\/post"}],"author":[{"embeddable":true,"href":"https:\/\/encuentroinformativo.com.mx\/index.php?rest_route=\/wp\/v2\/users\/2476"}],"replies":[{"embeddable":true,"href":"https:\/\/encuentroinformativo.com.mx\/index.php?rest_route=%2Fwp%2Fv2%2Fcomments&post=66746"}],"version-history":[{"count":2,"href":"https:\/\/encuentroinformativo.com.mx\/index.php?rest_route=\/wp\/v2\/posts\/66746\/revisions"}],"predecessor-version":[{"id":66749,"href":"https:\/\/encuentroinformativo.com.mx\/index.php?rest_route=\/wp\/v2\/posts\/66746\/revisions\/66749"}],"wp:featuredmedia":[{"embeddable":true,"href":"https:\/\/encuentroinformativo.com.mx\/index.php?rest_route=\/wp\/v2\/media\/66747"}],"wp:attachment":[{"href":"https:\/\/encuentroinformativo.com.mx\/index.php?rest_route=%2Fwp%2Fv2%2Fmedia&parent=66746"}],"wp:term":[{"taxonomy":"category","embeddable":true,"href":"https:\/\/encuentroinformativo.com.mx\/index.php?rest_route=%2Fwp%2Fv2%2Fcategories&post=66746"},{"taxonomy":"post_tag","embeddable":true,"href":"https:\/\/encuentroinformativo.com.mx\/index.php?rest_route=%2Fwp%2Fv2%2Ftags&post=66746"}],"curies":[{"name":"wp","href":"https:\/\/api.w.org\/{rel}","templated":true}]}}