{"id":66787,"date":"2025-05-07T10:07:22","date_gmt":"2025-05-07T16:07:22","guid":{"rendered":"https:\/\/encuentroinformativo.com.mx\/?p=66787"},"modified":"2025-05-07T10:07:22","modified_gmt":"2025-05-07T16:07:22","slug":"corredor-interoceanico-no-sera-competencia-para-zona-portuaria-de-veracruz","status":"publish","type":"post","link":"https:\/\/encuentroinformativo.com.mx\/?p=66787","title":{"rendered":"Corredor interoce\u00e1nico no ser\u00e1 competencia para zona portuaria de Veracruz"},"content":{"rendered":"<p><strong>Alejandro \u00c1vila<\/strong><\/p>\n<p>Veracruz, Ver.- La ruta de tr\u00e1fico y comercio del Corredor Inter Oce\u00e1nico del Istmo de Tehuantepec (CIIT) no ser\u00e1 competencia para la zona portuaria de Veracruz, asegur\u00f3 Leoncio P\u00e9rez L\u00f3pez, director general de Grupo CICE.<\/p>\n<p>&#8220;Creo que todo puede sumar, es un proyecto a largo plazo, en este momento todav\u00eda no se materializa pero cuando llegue a materializarse y se genere tr\u00e1fico de carga en el istmo yo creo que ser\u00eda ben\u00e9fico sobre todo para Coatzacoalcos pero creo que para Veracruz tambi\u00e9n (&#8230;) el tr\u00e1fico de Veracruz est\u00e1 muy focalizado, tenemos ciertos tr\u00e1ficos con Estados Unidos en graneles todo esto y de ah\u00ed contenedores y todo esto a Europa, Sudam\u00e9rica y Caribe, el tema del istmo en todo caso podr\u00eda aportar un volumen adicional pero no ser\u00eda competencia para Veracruz&#8221;, asest\u00f3.<\/p>\n<p>En otro tema, mencion\u00f3 que en cuanto a los n\u00fameros que se manejan en la zona portuaria de Veracruz est\u00e1n siendo similares y, de cierta manera, un poco bajos en comparaci\u00f3n al a\u00f1o anterior, sin embargo, asegur\u00f3 no es nada alarmante.<\/p>\n<p>&#8220;M\u00e1s que el arancel en si, s\u00ed han afectado temas de incertidumbre, donde las empresas se cubren o incluso ha habido veces en que se aceleran a exportar o a veces detienen alg\u00fan embarque, pero bueno, la verdad es que el transporte mar\u00edtimo, por ejemplo de Europa, son cosas que se pidieron hace m\u00e1s de un mes, entonces realmente no es algo que se afecte en el corto plazo, pero el a\u00f1o est\u00e1 as\u00ed incierto&#8221;, subray\u00f3.<\/p>\n","protected":false},"excerpt":{"rendered":"<p>Alejandro \u00c1vila Veracruz, Ver.- La ruta de tr\u00e1fico y comercio del Corredor Inter Oce\u00e1nico del Istmo de Tehuantepec (CIIT) no ser\u00e1 competencia para la zona portuaria de Veracruz, asegur\u00f3 Leoncio P\u00e9rez L\u00f3pez, director general de Grupo CICE. &#8220;Creo que todo puede sumar, es un proyecto a largo plazo, en este momento todav\u00eda no se materializa [&hellip;]<\/p>\n","protected":false},"author":2476,"featured_media":66788,"comment_status":"open","ping_status":"open","sticky":false,"template":"","format":"standard","meta":{"_jetpack_memberships_contains_paid_content":false,"footnotes":""},"categories":[2],"tags":[],"class_list":["post-66787","post","type-post","status-publish","format-standard","has-post-thumbnail","hentry","category-estado"],"jetpack_featured_media_url":"https:\/\/encuentroinformativo.com.mx\/wp-content\/uploads\/2025\/05\/IMG-20250507-WA0041.jpg","jetpack_sharing_enabled":true,"jetpack_likes_enabled":true,"amp_enabled":true,"_links":{"self":[{"href":"https:\/\/encuentroinformativo.com.mx\/index.php?rest_route=\/wp\/v2\/posts\/66787","targetHints":{"allow":["GET"]}}],"collection":[{"href":"https:\/\/encuentroinformativo.com.mx\/index.php?rest_route=\/wp\/v2\/posts"}],"about":[{"href":"https:\/\/encuentroinformativo.com.mx\/index.php?rest_route=\/wp\/v2\/types\/post"}],"author":[{"embeddable":true,"href":"https:\/\/encuentroinformativo.com.mx\/index.php?rest_route=\/wp\/v2\/users\/2476"}],"replies":[{"embeddable":true,"href":"https:\/\/encuentroinformativo.com.mx\/index.php?rest_route=%2Fwp%2Fv2%2Fcomments&post=66787"}],"version-history":[{"count":1,"href":"https:\/\/encuentroinformativo.com.mx\/index.php?rest_route=\/wp\/v2\/posts\/66787\/revisions"}],"predecessor-version":[{"id":66789,"href":"https:\/\/encuentroinformativo.com.mx\/index.php?rest_route=\/wp\/v2\/posts\/66787\/revisions\/66789"}],"wp:featuredmedia":[{"embeddable":true,"href":"https:\/\/encuentroinformativo.com.mx\/index.php?rest_route=\/wp\/v2\/media\/66788"}],"wp:attachment":[{"href":"https:\/\/encuentroinformativo.com.mx\/index.php?rest_route=%2Fwp%2Fv2%2Fmedia&parent=66787"}],"wp:term":[{"taxonomy":"category","embeddable":true,"href":"https:\/\/encuentroinformativo.com.mx\/index.php?rest_route=%2Fwp%2Fv2%2Fcategories&post=66787"},{"taxonomy":"post_tag","embeddable":true,"href":"https:\/\/encuentroinformativo.com.mx\/index.php?rest_route=%2Fwp%2Fv2%2Ftags&post=66787"}],"curies":[{"name":"wp","href":"https:\/\/api.w.org\/{rel}","templated":true}]}}