{"id":66800,"date":"2025-05-07T11:33:08","date_gmt":"2025-05-07T17:33:08","guid":{"rendered":"https:\/\/encuentroinformativo.com.mx\/?p=66800"},"modified":"2025-05-07T11:33:08","modified_gmt":"2025-05-07T17:33:08","slug":"rinden-homenaje-a-francis-pionera-del-arte-de-la-transformacion","status":"publish","type":"post","link":"https:\/\/encuentroinformativo.com.mx\/?p=66800","title":{"rendered":"Rinden homenaje a Francis, pionera del arte de la transformaci\u00f3n"},"content":{"rendered":"<p><strong>Alejandro \u00c1vila<\/strong><\/p>\n<p>Veracruz, Ver.- Tras la presentaci\u00f3n de la Corte Real para el Carnaval de Veracruz 2025 de la Asociaci\u00f3n Civil &#8220;Por un Veracruz sin Discriminaci\u00f3n&#8221; se realiz\u00f3 un merecido homenaje a Francis, la reina del transformismo, a la llamada \u201cIlusi\u00f3n hecha Mujer\u201d, proyectando una retrospectiva de su exitosa carrera art\u00edstica en el mundo de la transformaci\u00f3n, la actuaci\u00f3n y el canto.<\/p>\n<p>Posteriormente \u201cdesde el m\u00e1s all\u00e1\u201d, Francis se hizo presente en el cuerpo y alma del imitador Douglas Caro, divirtiendo a la concurrencia muy a su estilo y presentar un despliegue de imitaciones de artistas.<\/p>\n<p>Con un teatro plet\u00f3rico de alegr\u00eda y algarab\u00eda, la asociaci\u00f3n civil \u201cPor Un Veracruz Sin Discriminaci\u00f3n\u201d (PUVSD), que preside Flyppy Morales, se llev\u00f3 a cabo la presentaci\u00f3n oficial de los Reyes de la Alegr\u00eda que estar\u00e1n engalanando el carro aleg\u00f3rico de dicha Instituci\u00f3n en las pr\u00f3ximas fiestas del Carnaval de Veracruz, del 26 de junio al 2 de julio.<\/p>\n<p>La reina trans electa es Kelly Caracas, quien dedica su tiempo al dise\u00f1o de modas y es Miss Equality Workd 2022, adem\u00e1s de haber participado en la sexta temporada del reality show &#8220;La M\u00e1s Draga&#8221;.<\/p>\n<p>Haciendo historia dentro de PUVSD, C\u00e9sar de Alegr\u00eda repite reinado, convirti\u00e9ndose por primera vez en el \u201cBi-Rey\u201d de dicha instituci\u00f3n altruista. El soberano es Licenciando en Finanzas y Contadur\u00eda P\u00fablica y joven empresario que desde su trinchera apoya las causas sociales y filantr\u00f3picas para quienes menos tienen, por lo que comulga plenamente con los objetivos y prop\u00f3sitos de Por Un Veracruz Sin Discriminaci\u00f3n.<\/p>\n<p>En este a\u00f1o 2025, se agrega una corona m\u00e1s para honrar al gremio del estilismo, es por ello que \u201cPor un Veracruz Sin Discriminaci\u00f3n\u201d coronar\u00e1 a Doris Beltr\u00e1n, Reina de los estilistas, quien durante la gala de presentaci\u00f3n en el Teatro Francisco Javier Clavijero dio muestra de sus dotes art\u00edsticas y el canto.<\/p>\n","protected":false},"excerpt":{"rendered":"<p>Alejandro \u00c1vila Veracruz, Ver.- Tras la presentaci\u00f3n de la Corte Real para el Carnaval de Veracruz 2025 de la Asociaci\u00f3n Civil &#8220;Por un Veracruz sin Discriminaci\u00f3n&#8221; se realiz\u00f3 un merecido homenaje a Francis, la reina del transformismo, a la llamada \u201cIlusi\u00f3n hecha Mujer\u201d, proyectando una retrospectiva de su exitosa carrera art\u00edstica en el mundo de [&hellip;]<\/p>\n","protected":false},"author":2476,"featured_media":66801,"comment_status":"open","ping_status":"open","sticky":false,"template":"","format":"standard","meta":{"_jetpack_memberships_contains_paid_content":false,"footnotes":""},"categories":[2],"tags":[],"class_list":["post-66800","post","type-post","status-publish","format-standard","has-post-thumbnail","hentry","category-estado"],"jetpack_featured_media_url":"https:\/\/encuentroinformativo.com.mx\/wp-content\/uploads\/2025\/05\/IMG-20250507-WA00621.jpg","jetpack_sharing_enabled":true,"jetpack_likes_enabled":true,"amp_enabled":true,"_links":{"self":[{"href":"https:\/\/encuentroinformativo.com.mx\/index.php?rest_route=\/wp\/v2\/posts\/66800","targetHints":{"allow":["GET"]}}],"collection":[{"href":"https:\/\/encuentroinformativo.com.mx\/index.php?rest_route=\/wp\/v2\/posts"}],"about":[{"href":"https:\/\/encuentroinformativo.com.mx\/index.php?rest_route=\/wp\/v2\/types\/post"}],"author":[{"embeddable":true,"href":"https:\/\/encuentroinformativo.com.mx\/index.php?rest_route=\/wp\/v2\/users\/2476"}],"replies":[{"embeddable":true,"href":"https:\/\/encuentroinformativo.com.mx\/index.php?rest_route=%2Fwp%2Fv2%2Fcomments&post=66800"}],"version-history":[{"count":1,"href":"https:\/\/encuentroinformativo.com.mx\/index.php?rest_route=\/wp\/v2\/posts\/66800\/revisions"}],"predecessor-version":[{"id":66802,"href":"https:\/\/encuentroinformativo.com.mx\/index.php?rest_route=\/wp\/v2\/posts\/66800\/revisions\/66802"}],"wp:featuredmedia":[{"embeddable":true,"href":"https:\/\/encuentroinformativo.com.mx\/index.php?rest_route=\/wp\/v2\/media\/66801"}],"wp:attachment":[{"href":"https:\/\/encuentroinformativo.com.mx\/index.php?rest_route=%2Fwp%2Fv2%2Fmedia&parent=66800"}],"wp:term":[{"taxonomy":"category","embeddable":true,"href":"https:\/\/encuentroinformativo.com.mx\/index.php?rest_route=%2Fwp%2Fv2%2Fcategories&post=66800"},{"taxonomy":"post_tag","embeddable":true,"href":"https:\/\/encuentroinformativo.com.mx\/index.php?rest_route=%2Fwp%2Fv2%2Ftags&post=66800"}],"curies":[{"name":"wp","href":"https:\/\/api.w.org\/{rel}","templated":true}]}}