{"id":66811,"date":"2025-05-07T12:47:29","date_gmt":"2025-05-07T18:47:29","guid":{"rendered":"https:\/\/encuentroinformativo.com.mx\/?p=66811"},"modified":"2025-05-07T12:47:29","modified_gmt":"2025-05-07T18:47:29","slug":"conceden-suspension-provisional-a-menores-expulsados-de-telesecundaria-en-pajapan","status":"publish","type":"post","link":"https:\/\/encuentroinformativo.com.mx\/?p=66811","title":{"rendered":"Conceden suspensi\u00f3n provisional a menores expulsados de telesecundaria en\u00a0Pajapan"},"content":{"rendered":"<p><strong>Jos\u00e9 Vargas<\/strong><\/p>\n<p>Coatzacoalcos, Ver.- El Juzgado D\u00e9cimo Noveno de Distrito, con sede en Coatzacoalcos, concedi\u00f3 la suspensi\u00f3n provisional a dos menores de edad a quienes se les neg\u00f3 el acceso a la Telesecundaria \u201cNi\u00f1os H\u00e9roes\u201d en la localidad de Coscapan, municipio de Pajapan, presuntamente por represalias personales de la directora del plantel, Shugey Kristal Ru\u00edz Gallardo.<\/p>\n<p>La medida cautelar fue otorgada dentro del juicio de amparo 342\/2025-V, promovido por el ciudadano Janer Olan Hern\u00e1ndez, en representaci\u00f3n de los menores identificados con las iniciales J.L.H.R. y D.J.H.R., quienes habr\u00edan sido excluidos del centro educativo por presuntos conflictos entre la directora y su padre.<\/p>\n<p>De acuerdo con la demanda, Ru\u00edz Gallardo habr\u00eda incurrido en actos de abuso de autoridad, malos tratos y humillaciones, tanto hacia los menores como hacia varios padres de familia, imponiendo medidas arbitrarias como la expulsi\u00f3n de estudiantes, exclusi\u00f3n de grupos de comunicaci\u00f3n institucional y represalias personales, entre ellas, asignar a los alumnos tareas impropias como el cuidado de su hijo dentro del plantel.<\/p>\n<p>La jueza en funciones determin\u00f3 que los hechos denunciados podr\u00edan vulnerar el derecho a la educaci\u00f3n y otros derechos fundamentales de los menores, por lo que resolvi\u00f3 conceder la suspensi\u00f3n provisional con el fin de preservar la materia del juicio hasta que se dicte una resoluci\u00f3n definitiva.<\/p>\n<p>Asimismo, se notific\u00f3 a las autoridades responsables para que rindan un informe previo en un plazo de 48 horas, bajo apercibimiento de multa en caso de incumplimiento, conforme a lo dispuesto por la Ley de Amparo.<\/p>\n<p>La audiencia incidental fue programada para el 13 de mayo de 2025 a las 9:37 horas, donde se analizar\u00e1n los elementos necesarios para decidir si procede mantener o modificar la suspensi\u00f3n otorgada.<\/p>\n<p>Este caso ha generado inquietud entre padres de familia de la comunidad, quienes han manifestado inconformidad por la forma de actuar de la directora del plantel, se\u00f1alando un patr\u00f3n de prepotencia y arbitrariedad en su gesti\u00f3n.<\/p>\n<p><img loading=\"lazy\" decoding=\"async\" class=\"alignnone size-medium wp-image-66812\" src=\"https:\/\/encuentroinformativo.com.mx\/wp-content\/uploads\/2025\/05\/IMG-20250507-WA0146-188x300.jpg\" alt=\"\" width=\"188\" height=\"300\" srcset=\"https:\/\/encuentroinformativo.com.mx\/wp-content\/uploads\/2025\/05\/IMG-20250507-WA0146-188x300.jpg 188w, https:\/\/encuentroinformativo.com.mx\/wp-content\/uploads\/2025\/05\/IMG-20250507-WA0146-641x1024.jpg 641w, https:\/\/encuentroinformativo.com.mx\/wp-content\/uploads\/2025\/05\/IMG-20250507-WA0146-768x1226.jpg 768w, https:\/\/encuentroinformativo.com.mx\/wp-content\/uploads\/2025\/05\/IMG-20250507-WA0146-962x1536.jpg 962w, https:\/\/encuentroinformativo.com.mx\/wp-content\/uploads\/2025\/05\/IMG-20250507-WA0146.jpg 1002w\" sizes=\"auto, (max-width: 188px) 100vw, 188px\" \/><\/p>\n","protected":false},"excerpt":{"rendered":"<p>Jos\u00e9 Vargas Coatzacoalcos, Ver.- El Juzgado D\u00e9cimo Noveno de Distrito, con sede en Coatzacoalcos, concedi\u00f3 la suspensi\u00f3n provisional a dos menores de edad a quienes se les neg\u00f3 el acceso a la Telesecundaria \u201cNi\u00f1os H\u00e9roes\u201d en la localidad de Coscapan, municipio de Pajapan, presuntamente por represalias personales de la directora del plantel, Shugey Kristal Ru\u00edz [&hellip;]<\/p>\n","protected":false},"author":2476,"featured_media":66812,"comment_status":"open","ping_status":"open","sticky":false,"template":"","format":"standard","meta":{"_jetpack_memberships_contains_paid_content":false,"footnotes":""},"categories":[2],"tags":[],"class_list":["post-66811","post","type-post","status-publish","format-standard","has-post-thumbnail","hentry","category-estado"],"jetpack_featured_media_url":"https:\/\/encuentroinformativo.com.mx\/wp-content\/uploads\/2025\/05\/IMG-20250507-WA0146.jpg","jetpack_sharing_enabled":true,"jetpack_likes_enabled":true,"amp_enabled":true,"_links":{"self":[{"href":"https:\/\/encuentroinformativo.com.mx\/index.php?rest_route=\/wp\/v2\/posts\/66811","targetHints":{"allow":["GET"]}}],"collection":[{"href":"https:\/\/encuentroinformativo.com.mx\/index.php?rest_route=\/wp\/v2\/posts"}],"about":[{"href":"https:\/\/encuentroinformativo.com.mx\/index.php?rest_route=\/wp\/v2\/types\/post"}],"author":[{"embeddable":true,"href":"https:\/\/encuentroinformativo.com.mx\/index.php?rest_route=\/wp\/v2\/users\/2476"}],"replies":[{"embeddable":true,"href":"https:\/\/encuentroinformativo.com.mx\/index.php?rest_route=%2Fwp%2Fv2%2Fcomments&post=66811"}],"version-history":[{"count":2,"href":"https:\/\/encuentroinformativo.com.mx\/index.php?rest_route=\/wp\/v2\/posts\/66811\/revisions"}],"predecessor-version":[{"id":66814,"href":"https:\/\/encuentroinformativo.com.mx\/index.php?rest_route=\/wp\/v2\/posts\/66811\/revisions\/66814"}],"wp:featuredmedia":[{"embeddable":true,"href":"https:\/\/encuentroinformativo.com.mx\/index.php?rest_route=\/wp\/v2\/media\/66812"}],"wp:attachment":[{"href":"https:\/\/encuentroinformativo.com.mx\/index.php?rest_route=%2Fwp%2Fv2%2Fmedia&parent=66811"}],"wp:term":[{"taxonomy":"category","embeddable":true,"href":"https:\/\/encuentroinformativo.com.mx\/index.php?rest_route=%2Fwp%2Fv2%2Fcategories&post=66811"},{"taxonomy":"post_tag","embeddable":true,"href":"https:\/\/encuentroinformativo.com.mx\/index.php?rest_route=%2Fwp%2Fv2%2Ftags&post=66811"}],"curies":[{"name":"wp","href":"https:\/\/api.w.org\/{rel}","templated":true}]}}