{"id":66822,"date":"2025-05-07T13:33:43","date_gmt":"2025-05-07T19:33:43","guid":{"rendered":"https:\/\/encuentroinformativo.com.mx\/?p=66822"},"modified":"2025-05-07T13:33:43","modified_gmt":"2025-05-07T19:33:43","slug":"activistas-de-la-antigua-logran-amparo-para-sanear-rios","status":"publish","type":"post","link":"https:\/\/encuentroinformativo.com.mx\/?p=66822","title":{"rendered":"Activistas de La Antigua logran amparo para sanear r\u00edos"},"content":{"rendered":"<p><strong>Dar\u00edo Pale<\/strong><\/p>\n<p>Xalapa, Ver.- Activistas de la cuenca La Antigua inician amparo para que autoridades saneen sus r\u00edos, aseguran que los r\u00edos de la cuenca enfrentan una crisis socioambiental debido a la contaminaci\u00f3n por aguas residuales no tratadas.<\/p>\n<p>En conferencia de prensa se\u00f1alaron que el pasado 24 de marzo de 2025, representantes de la Asamblea del Agua de los Pueblos Unidos de la Cuenca La Antigua por los R\u00edos Libres y Limpios (PUCARL), acompa\u00f1ados por integrantes de la organizaci\u00f3n Territorios Diversos para la Vida (TerraVida) presentaron una demanda de amparo ante los tribunales federales, contra autoridades federales, estatales y municipales en respuesta a la grave contaminaci\u00f3n fecal que afecta a los r\u00edos y humedales de la cuenca La Antigua.<\/p>\n<p>Se\u00f1alaron que tal demanda de amparo es un recurso legal para defender los derechos humanos frente a las acciones u omisiones de las autoridades responsables.<\/p>\n<p>Indicaron que el Juzgado 15 de Distrito en Veracruz admiti\u00f3 la demanda y concedi\u00f3 una suspensi\u00f3n provisional, ordenando implementar medidas urgentes para iniciar la descontaminaci\u00f3n de r\u00edos de la cuenca.<\/p>\n<p>En la demanda, habitantes de la cuenca exigen la adopci\u00f3n de medidas para detener la contaminaci\u00f3n fecal en los cuerpos de agua de la regi\u00f3n y, al mismo tiempo, solicitan que se reconozcan los derechos del r\u00edo.<\/p>\n<p>Desde 2010, las comunidades de la cuenca La Antigua han trabajado de manera conjunta en el cuidado de los rios, la defensa de su territorio y su identidad colectiva. En 2023, la Asamblea de PUCARL cre\u00f3 una comisi\u00f3n de monitoreo comunitario del agua, que realiz\u00f3 monitoreo de 13 sitios en los municipios de Xico, Teocelo, Tlalnelhuayocan, Xalapa, Coatepec, Jalcomulco, Coetzala y Apazapan entre diciembre de 2023 y abril de 2024.<\/p>\n<p>Los resultados revelaron que el 100% de los sitios muestreados presentaban niveles de E. coli por encima de los limites permitidos para el contacto humano y para la vida que habita en ellos, evidenciando que los rios de la cuenca enfrentan una crisis socioambiental debido a la contaminaci\u00f3n por aguas residuales no tratadas, lo que trae graves afectaciones los proyectos de vida de las comunidades y a la vida del r\u00edo.<\/p>\n<p>Ante ello, exigieron a las autoridades implementar medidas inmediatas para la restauraci\u00f3n de la calidad del agua en los r\u00edos y humedales, garantizando el cumplimiento de las normativas en materia de saneamiento y protecci\u00f3n al ambiente.<\/p>\n<p>Pero adem\u00e1s a la jueza del Juzgado 15 de Distrito de Veracruz conceder la suspensi\u00f3n definitiva para salvaguardar los proyectos de vida de las comunidades que dependen de la calidad del agua de sus rios<\/p>\n<p>Mientras que a las comunidades y organizaciones, respaldar el proceso de amparo en curso, que busca asegurar el derecho al agua limpia, la protecci\u00f3n del ambiente y el reconocimiento de los derechos de los r\u00edos. Es crucial fortalecer una respuesta colectiva ante la crisis ambiental que afecta a toda la regi\u00f3n.<\/p>\n<p>Y finalmente a la sociedad, sensibilizar sobre la crisis ambiental que enfrenta la Cuenca La Antigua y su impacto en la vida cotidiana. Apoyar las acciones legales y comunitarias para proteger los r\u00edos, reconocer sus derechos y asegurar un futuro sostenible para las generaciones venideras.<\/p>\n","protected":false},"excerpt":{"rendered":"<p>Dar\u00edo Pale Xalapa, Ver.- Activistas de la cuenca La Antigua inician amparo para que autoridades saneen sus r\u00edos, aseguran que los r\u00edos de la cuenca enfrentan una crisis socioambiental debido a la contaminaci\u00f3n por aguas residuales no tratadas. En conferencia de prensa se\u00f1alaron que el pasado 24 de marzo de 2025, representantes de la Asamblea [&hellip;]<\/p>\n","protected":false},"author":2476,"featured_media":66824,"comment_status":"open","ping_status":"open","sticky":false,"template":"","format":"standard","meta":{"_jetpack_memberships_contains_paid_content":false,"footnotes":""},"categories":[8],"tags":[],"class_list":["post-66822","post","type-post","status-publish","format-standard","has-post-thumbnail","hentry","category-region"],"jetpack_featured_media_url":"https:\/\/encuentroinformativo.com.mx\/wp-content\/uploads\/2025\/05\/IMG-20250507-WA01712.jpg","jetpack_sharing_enabled":true,"jetpack_likes_enabled":true,"amp_enabled":true,"_links":{"self":[{"href":"https:\/\/encuentroinformativo.com.mx\/index.php?rest_route=\/wp\/v2\/posts\/66822","targetHints":{"allow":["GET"]}}],"collection":[{"href":"https:\/\/encuentroinformativo.com.mx\/index.php?rest_route=\/wp\/v2\/posts"}],"about":[{"href":"https:\/\/encuentroinformativo.com.mx\/index.php?rest_route=\/wp\/v2\/types\/post"}],"author":[{"embeddable":true,"href":"https:\/\/encuentroinformativo.com.mx\/index.php?rest_route=\/wp\/v2\/users\/2476"}],"replies":[{"embeddable":true,"href":"https:\/\/encuentroinformativo.com.mx\/index.php?rest_route=%2Fwp%2Fv2%2Fcomments&post=66822"}],"version-history":[{"count":1,"href":"https:\/\/encuentroinformativo.com.mx\/index.php?rest_route=\/wp\/v2\/posts\/66822\/revisions"}],"predecessor-version":[{"id":66825,"href":"https:\/\/encuentroinformativo.com.mx\/index.php?rest_route=\/wp\/v2\/posts\/66822\/revisions\/66825"}],"wp:featuredmedia":[{"embeddable":true,"href":"https:\/\/encuentroinformativo.com.mx\/index.php?rest_route=\/wp\/v2\/media\/66824"}],"wp:attachment":[{"href":"https:\/\/encuentroinformativo.com.mx\/index.php?rest_route=%2Fwp%2Fv2%2Fmedia&parent=66822"}],"wp:term":[{"taxonomy":"category","embeddable":true,"href":"https:\/\/encuentroinformativo.com.mx\/index.php?rest_route=%2Fwp%2Fv2%2Fcategories&post=66822"},{"taxonomy":"post_tag","embeddable":true,"href":"https:\/\/encuentroinformativo.com.mx\/index.php?rest_route=%2Fwp%2Fv2%2Ftags&post=66822"}],"curies":[{"name":"wp","href":"https:\/\/api.w.org\/{rel}","templated":true}]}}