{"id":66836,"date":"2025-05-07T18:29:43","date_gmt":"2025-05-08T00:29:43","guid":{"rendered":"https:\/\/encuentroinformativo.com.mx\/?p=66836"},"modified":"2025-05-07T18:29:43","modified_gmt":"2025-05-08T00:29:43","slug":"dos-incendios-paralizan-el-sur-de-veracruz-y-movilizan-a-cuerpos-de-emergencia","status":"publish","type":"post","link":"https:\/\/encuentroinformativo.com.mx\/?p=66836","title":{"rendered":"Dos incendios paralizan el sur de Veracruz y movilizan a cuerpos de emergencia"},"content":{"rendered":"<p><strong>Jos\u00e9 Vargas<\/strong><\/p>\n<p>Cosoleacaque, Ver.- Una jornada marcada por el fuego y la movilizaci\u00f3n de los cuerpos de emergencia se vivi\u00f3 este mi\u00e9rcoles en el sur de Veracruz, tras registrarse dos incendios de gran magnitud que afectaron la vialidad y pusieron en riesgo a la poblaci\u00f3n en los municipios de Cosoleacaque y Minatitl\u00e1n.<\/p>\n<p>El primer incidente ocurri\u00f3 en la zona conocida como Las Matas, donde un incendio oblig\u00f3 al cierre total de la carretera Coatzacoalcos &#8211; Minatitl\u00e1n en ambos sentidos. Elementos de Protecci\u00f3n Civil, Tr\u00e1nsito del Estado y Polic\u00eda Municipal coordinaron el cierre de la circulaci\u00f3n mientras bomberos de Cosoleacaque trabajaban por m\u00e1s de tres horas para controlar el siniestro.<\/p>\n<p>Gracias a la labor intensa del personal de emergencia, el fuego fue finalmente sofocado, lo que permiti\u00f3 la reapertura de la carretera y el restablecimiento del flujo vehicular.<\/p>\n<p>Horas m\u00e1s tarde, un segundo incendio se desat\u00f3 en un corral\u00f3n de gr\u00faas denominado Santa Fe, ubicado sobre la autopista Cosoleacaque -Nuevo Teapa, en el tramo Minatitl\u00e1n -Ixhuatl\u00e1n del Sureste. Las llamas consumieron varios autom\u00f3viles y generaron una densa nube de humo visible desde varios kil\u00f3metros a la redonda.<\/p>\n<p>Ambos carriles de la autopista fueron cerrados mientras bomberos de Minatitl\u00e1n trabajaban por m\u00e1s de dos horas para contener el fuego. Aunque el incendio fue controlado, la autopista permaneci\u00f3 cerrada un par de horas m\u00e1s debido a las labores de enfriamiento y a la baja visibilidad provocada por el humo.<\/p>\n<p>Ante estos hechos, los directores municipales y el enlace regional de Protecci\u00f3n Civil hicieron un llamado urgente a la ciudadan\u00eda a no arrojar basura ni colillas de cigarro en las carreteras, recordando que durante la temporada de sequ\u00eda el riesgo de incendios forestales se incrementa considerablemente.<\/p>\n<p>Las autoridades contin\u00faan monitoreando la zona y exhortan a la poblaci\u00f3n a reportar cualquier columna de humo o fuego a los n\u00fameros de emergencia.<\/p>\n","protected":false},"excerpt":{"rendered":"<p>Jos\u00e9 Vargas Cosoleacaque, Ver.- Una jornada marcada por el fuego y la movilizaci\u00f3n de los cuerpos de emergencia se vivi\u00f3 este mi\u00e9rcoles en el sur de Veracruz, tras registrarse dos incendios de gran magnitud que afectaron la vialidad y pusieron en riesgo a la poblaci\u00f3n en los municipios de Cosoleacaque y Minatitl\u00e1n. El primer incidente [&hellip;]<\/p>\n","protected":false},"author":2476,"featured_media":66837,"comment_status":"open","ping_status":"open","sticky":false,"template":"","format":"standard","meta":{"_jetpack_memberships_contains_paid_content":false,"footnotes":""},"categories":[2],"tags":[],"class_list":["post-66836","post","type-post","status-publish","format-standard","has-post-thumbnail","hentry","category-estado"],"jetpack_featured_media_url":"https:\/\/encuentroinformativo.com.mx\/wp-content\/uploads\/2025\/05\/IMG-20250507-WA0326.jpg","jetpack_sharing_enabled":true,"jetpack_likes_enabled":true,"amp_enabled":true,"_links":{"self":[{"href":"https:\/\/encuentroinformativo.com.mx\/index.php?rest_route=\/wp\/v2\/posts\/66836","targetHints":{"allow":["GET"]}}],"collection":[{"href":"https:\/\/encuentroinformativo.com.mx\/index.php?rest_route=\/wp\/v2\/posts"}],"about":[{"href":"https:\/\/encuentroinformativo.com.mx\/index.php?rest_route=\/wp\/v2\/types\/post"}],"author":[{"embeddable":true,"href":"https:\/\/encuentroinformativo.com.mx\/index.php?rest_route=\/wp\/v2\/users\/2476"}],"replies":[{"embeddable":true,"href":"https:\/\/encuentroinformativo.com.mx\/index.php?rest_route=%2Fwp%2Fv2%2Fcomments&post=66836"}],"version-history":[{"count":1,"href":"https:\/\/encuentroinformativo.com.mx\/index.php?rest_route=\/wp\/v2\/posts\/66836\/revisions"}],"predecessor-version":[{"id":66838,"href":"https:\/\/encuentroinformativo.com.mx\/index.php?rest_route=\/wp\/v2\/posts\/66836\/revisions\/66838"}],"wp:featuredmedia":[{"embeddable":true,"href":"https:\/\/encuentroinformativo.com.mx\/index.php?rest_route=\/wp\/v2\/media\/66837"}],"wp:attachment":[{"href":"https:\/\/encuentroinformativo.com.mx\/index.php?rest_route=%2Fwp%2Fv2%2Fmedia&parent=66836"}],"wp:term":[{"taxonomy":"category","embeddable":true,"href":"https:\/\/encuentroinformativo.com.mx\/index.php?rest_route=%2Fwp%2Fv2%2Fcategories&post=66836"},{"taxonomy":"post_tag","embeddable":true,"href":"https:\/\/encuentroinformativo.com.mx\/index.php?rest_route=%2Fwp%2Fv2%2Ftags&post=66836"}],"curies":[{"name":"wp","href":"https:\/\/api.w.org\/{rel}","templated":true}]}}