{"id":66839,"date":"2025-05-08T09:12:03","date_gmt":"2025-05-08T15:12:03","guid":{"rendered":"https:\/\/encuentroinformativo.com.mx\/?p=66839"},"modified":"2025-05-08T09:12:03","modified_gmt":"2025-05-08T15:12:03","slug":"este-domingo-en-el-congreso-guardia-de-honor-al-exgobernador-fidel-herrera","status":"publish","type":"post","link":"https:\/\/encuentroinformativo.com.mx\/?p=66839","title":{"rendered":"Este domingo en el Congreso, guardia de honor al exgobernador Fidel Herrera"},"content":{"rendered":"<p style=\"font-weight: 400;\"><strong>* A partir de las 10:00 horas se rendir\u00e1 guardia de honor ante los restos del pol\u00edtico oriundo de Nopaltepec, municipio de Cosamaloapan.<\/strong><\/p>\n<p style=\"font-weight: 400;\">Xalapa, Ver.- Este domingo 11 de mayo el Palacio Legislativo abrir\u00e1 sus puertas para rendir honores al exgobernador Fidel Herrera Beltr\u00e1n, fallecido el pasado 2 de mayo a los 76 a\u00f1os de edad, indic\u00f3 el coordinador del Grupo Legislativo del Partido Verde Ecologista de M\u00e9xico (PVEM), diputado Carlos Marcelo Ruiz S\u00e1nchez.<\/p>\n<p style=\"font-weight: 400;\">De acuerdo con el legislador, la guardia de honor dar\u00e1 inicio a partir de las 10:00 horas y se prev\u00e9 la asistencia de la familia del exmandatario estatal, as\u00ed como de amigos y personas cercanas a \u00e9l. \u201cSe trata de un reconocimiento en la sede de la representaci\u00f3n popular al pol\u00edtico que gobern\u00f3 Veracruz de 2004 a 2010 y que, al igual que cualquier ciudadano, siempre dio lo mejor por la tierra que lo vio nacer\u201d.<\/p>\n<p style=\"font-weight: 400;\">Ruiz S\u00e1nchez reconoci\u00f3 y encomi\u00f3 la apertura y sensibilidad pol\u00edtica del diputado Esteban Bautista al instruir la realizaci\u00f3n de este acto, \u201cel Congreso es la casa de las y los veracruzanos y estar\u00e1 abierto para quienes deseen darle el \u00faltimo adi\u00f3s al exgobernador Fidel Herrera\u201d, a\u00f1adi\u00f3.<\/p>\n<p style=\"font-weight: 400;\">Honrar la memoria del pol\u00edtico veracruzano, originario de Nopaltepec, municipio de Cosamaloapan \u201ces un claro ejemplo de respeto, pluralidad y civilidad pol\u00edtica. Estoy convencido de que muchas personas acudir\u00e1n a dar muestras de cari\u00f1o, ya que el exgobernador era una persona muy querida\u201d.<\/p>\n<p style=\"font-weight: 400;\">\n","protected":false},"excerpt":{"rendered":"<p>* A partir de las 10:00 horas se rendir\u00e1 guardia de honor ante los restos del pol\u00edtico oriundo de Nopaltepec, municipio de Cosamaloapan. Xalapa, Ver.- Este domingo 11 de mayo el Palacio Legislativo abrir\u00e1 sus puertas para rendir honores al exgobernador Fidel Herrera Beltr\u00e1n, fallecido el pasado 2 de mayo a los 76 a\u00f1os de [&hellip;]<\/p>\n","protected":false},"author":2476,"featured_media":66841,"comment_status":"open","ping_status":"open","sticky":false,"template":"","format":"standard","meta":{"_jetpack_memberships_contains_paid_content":false,"footnotes":""},"categories":[2],"tags":[],"class_list":["post-66839","post","type-post","status-publish","format-standard","has-post-thumbnail","hentry","category-estado"],"jetpack_featured_media_url":"https:\/\/encuentroinformativo.com.mx\/wp-content\/uploads\/2025\/05\/NOV07MAYO2025GUARDIAHONOR1.jpeg","jetpack_sharing_enabled":true,"jetpack_likes_enabled":true,"amp_enabled":true,"_links":{"self":[{"href":"https:\/\/encuentroinformativo.com.mx\/index.php?rest_route=\/wp\/v2\/posts\/66839","targetHints":{"allow":["GET"]}}],"collection":[{"href":"https:\/\/encuentroinformativo.com.mx\/index.php?rest_route=\/wp\/v2\/posts"}],"about":[{"href":"https:\/\/encuentroinformativo.com.mx\/index.php?rest_route=\/wp\/v2\/types\/post"}],"author":[{"embeddable":true,"href":"https:\/\/encuentroinformativo.com.mx\/index.php?rest_route=\/wp\/v2\/users\/2476"}],"replies":[{"embeddable":true,"href":"https:\/\/encuentroinformativo.com.mx\/index.php?rest_route=%2Fwp%2Fv2%2Fcomments&post=66839"}],"version-history":[{"count":1,"href":"https:\/\/encuentroinformativo.com.mx\/index.php?rest_route=\/wp\/v2\/posts\/66839\/revisions"}],"predecessor-version":[{"id":66842,"href":"https:\/\/encuentroinformativo.com.mx\/index.php?rest_route=\/wp\/v2\/posts\/66839\/revisions\/66842"}],"wp:featuredmedia":[{"embeddable":true,"href":"https:\/\/encuentroinformativo.com.mx\/index.php?rest_route=\/wp\/v2\/media\/66841"}],"wp:attachment":[{"href":"https:\/\/encuentroinformativo.com.mx\/index.php?rest_route=%2Fwp%2Fv2%2Fmedia&parent=66839"}],"wp:term":[{"taxonomy":"category","embeddable":true,"href":"https:\/\/encuentroinformativo.com.mx\/index.php?rest_route=%2Fwp%2Fv2%2Fcategories&post=66839"},{"taxonomy":"post_tag","embeddable":true,"href":"https:\/\/encuentroinformativo.com.mx\/index.php?rest_route=%2Fwp%2Fv2%2Ftags&post=66839"}],"curies":[{"name":"wp","href":"https:\/\/api.w.org\/{rel}","templated":true}]}}