{"id":6685,"date":"2020-10-08T14:56:18","date_gmt":"2020-10-08T19:56:18","guid":{"rendered":"https:\/\/encuentroinformativo.com.mx\/?p=6685"},"modified":"2020-10-08T14:56:21","modified_gmt":"2020-10-08T19:56:21","slug":"embajador-de-estados-unidos-visitara-veracruz","status":"publish","type":"post","link":"https:\/\/encuentroinformativo.com.mx\/?p=6685","title":{"rendered":"Embajador de Estados Unidos visitar\u00e1 Veracruz"},"content":{"rendered":"\n<p><strong>Alejandro \u00c1vila<\/strong><\/p>\n\n\n\n<p>Veracruz, Ver.- Este fin de semana el embajador de Estados Unidos en M\u00e9xico, Christopher Landau, estar\u00e1 visitando el Puerto de Veracruz, donde sostendr\u00e1 una reuni\u00f3n de trabajo, el viernes por la noche, con empresarios la zona conurbada Veracruz \u2013 Boca del R\u00edo.<\/p>\n\n\n\n<p>Adem\u00e1s, el s\u00e1bado por la tarde, en un evento privad debido a las medidas de sana distancia por la contingencia sanitaria de COVID-19, con un cupo limitado a 10 personas y sin prensa, ser\u00e1 el invitado de honor en la inauguraci\u00f3n de la exposici\u00f3n fotogr\u00e1fica del fotoperiodista Hugo Garrido en el Recinto de la Reforma, la cual se titula \u201cTodo Veracruz Es Bello\u201d.<\/p>\n\n\n\n<p>La visita del embajador es meramente de negocios y para crear alianzas en cuanto a inversiones en las ciudades de Veracruz y Boca del R\u00edo, esto coincide con la exposici\u00f3n, y debido a la reciente interacci\u00f3n que hubo entre el embajador y el foto reportero v\u00eda la red social Twitter, se decidi\u00f3 extenderle la invitaci\u00f3n.<\/p>\n\n\n\n<p>Si bien hasta hace unos d\u00edas no se hab\u00eda confirmado la presencia del embajador Christopher Landau en Veracruz, todo qued\u00f3 despejado este mi\u00e9rcoles por la tarde, pues alrededor de las 15 horas la avanzada del Estado Mayor Presidencial lleg\u00f3 al aeropuerto \u201cHeriberto Jara Corona\u201d.<\/p>\n\n\n\n<p>Posteriormente, se hospedaron en un hotel frente al mar, en el bulevar \u201cManuel \u00c1vila Camacho\u201d, y en punto de cinco de la tarde acudieron al Recinto de la Reforma para revisar el lugar donde estar\u00e1 presente embajador Landau para inaugurar la exposici\u00f3n fotogr\u00e1fica.<\/p>\n\n\n\n<p>De la reuni\u00f3n con empresarios se sabe muy poco, solo que estar\u00e1 acompa\u00f1ado en su comitiva por Gabriel Feddersen, especialista en pol\u00edtica, y Chris Wilford, vicec\u00f3nsul.<\/p>\n\n\n\n<p>Ya el s\u00e1bado, en la exposici\u00f3n fotogr\u00e1fica se estima que el acto tenga una duraci\u00f3n de 30 minutos, donde el alcalde Fernando Yunes M\u00e1rquez, dar\u00e1 una charla de bienvenida por cerca de 10 minutos, y el embajador Christopher Landau, dar\u00e1 su discurso en 20 minutos; para finalmente inaugurar la exposici\u00f3n fotogr\u00e1fica.<\/p>\n","protected":false},"excerpt":{"rendered":"<p>Alejandro \u00c1vila Veracruz, Ver.- Este fin de semana el embajador de Estados Unidos en M\u00e9xico, Christopher Landau, estar\u00e1 visitando el Puerto de Veracruz, donde sostendr\u00e1 una reuni\u00f3n de trabajo, el viernes por la noche, con empresarios la zona conurbada Veracruz \u2013 Boca del R\u00edo. Adem\u00e1s, el s\u00e1bado por la tarde, en un evento privad debido [&hellip;]<\/p>\n","protected":false},"author":1,"featured_media":6686,"comment_status":"open","ping_status":"open","sticky":false,"template":"","format":"standard","meta":{"_jetpack_memberships_contains_paid_content":false,"footnotes":""},"categories":[2],"tags":[],"class_list":["post-6685","post","type-post","status-publish","format-standard","has-post-thumbnail","hentry","category-estado"],"jetpack_featured_media_url":"https:\/\/encuentroinformativo.com.mx\/wp-content\/uploads\/2020\/10\/37A231DE-DC0C-40DA-96A8-37CFB1AFCCB8.jpeg","jetpack_sharing_enabled":true,"jetpack_likes_enabled":true,"amp_enabled":true,"_links":{"self":[{"href":"https:\/\/encuentroinformativo.com.mx\/index.php?rest_route=\/wp\/v2\/posts\/6685","targetHints":{"allow":["GET"]}}],"collection":[{"href":"https:\/\/encuentroinformativo.com.mx\/index.php?rest_route=\/wp\/v2\/posts"}],"about":[{"href":"https:\/\/encuentroinformativo.com.mx\/index.php?rest_route=\/wp\/v2\/types\/post"}],"author":[{"embeddable":true,"href":"https:\/\/encuentroinformativo.com.mx\/index.php?rest_route=\/wp\/v2\/users\/1"}],"replies":[{"embeddable":true,"href":"https:\/\/encuentroinformativo.com.mx\/index.php?rest_route=%2Fwp%2Fv2%2Fcomments&post=6685"}],"version-history":[{"count":1,"href":"https:\/\/encuentroinformativo.com.mx\/index.php?rest_route=\/wp\/v2\/posts\/6685\/revisions"}],"predecessor-version":[{"id":6687,"href":"https:\/\/encuentroinformativo.com.mx\/index.php?rest_route=\/wp\/v2\/posts\/6685\/revisions\/6687"}],"wp:featuredmedia":[{"embeddable":true,"href":"https:\/\/encuentroinformativo.com.mx\/index.php?rest_route=\/wp\/v2\/media\/6686"}],"wp:attachment":[{"href":"https:\/\/encuentroinformativo.com.mx\/index.php?rest_route=%2Fwp%2Fv2%2Fmedia&parent=6685"}],"wp:term":[{"taxonomy":"category","embeddable":true,"href":"https:\/\/encuentroinformativo.com.mx\/index.php?rest_route=%2Fwp%2Fv2%2Fcategories&post=6685"},{"taxonomy":"post_tag","embeddable":true,"href":"https:\/\/encuentroinformativo.com.mx\/index.php?rest_route=%2Fwp%2Fv2%2Ftags&post=6685"}],"curies":[{"name":"wp","href":"https:\/\/api.w.org\/{rel}","templated":true}]}}