{"id":66852,"date":"2025-05-08T11:23:08","date_gmt":"2025-05-08T17:23:08","guid":{"rendered":"https:\/\/encuentroinformativo.com.mx\/?p=66852"},"modified":"2025-05-08T11:23:08","modified_gmt":"2025-05-08T17:23:08","slug":"exigen-incluir-concepto-pueblos-originarios-en-constitucion-de-veracruz-diputado","status":"publish","type":"post","link":"https:\/\/encuentroinformativo.com.mx\/?p=66852","title":{"rendered":"Exigen incluir concepto Pueblos Originarios en Constituci\u00f3n de Veracruz: Diputado\u00a0"},"content":{"rendered":"<p><strong>Alejandro \u00c1vila<\/strong><\/p>\n<p>Veracruz, Ver.- Una vez concluidos los foros con representantes de comunidades ind\u00edgenas y afromexicanos una de los solicitudes m\u00e1s encarecidas fue que se incluye el concepto Pueblos Originarios en la Constituci\u00f3n de Veracruz, se\u00f1al\u00f3 el diputado local, Carlos Marcelo Ruiz S\u00e1nchez.<\/p>\n<p>El legislador y coordinador del Partido Verde puntualiz\u00f3 que, el pr\u00f3ximo viernes 9 de mayo se realizar\u00e1 en el Congreso de Veracruz el Foro Estatal para la deliberaci\u00f3n final de conclusiones e incluir aportaciones al dictamen para la armonizaci\u00f3n de la Constituci\u00f3n Pol\u00edtica de Veracruz con la Carta Magna Federal.<\/p>\n<p>\u201cSe est\u00e1 en la parte de concentraci\u00f3n de resultados de las m\u00e1s de mil 600 actas deliberativas que se tomaron de los seis foros celebrados el 23 y 28 de abril en las sedes de Benito Ju\u00e1rez, Tantoyuca, Papantla, Tequila, Playa Vicente y Mecayapan\u201d.<\/p>\n<p>El diputado dijo que los seis legisladores de las Comisiones Legislativas de Asuntos Ind\u00edgenas, y Justicia y Puntos Constitucionales, trabajan conjuntamente para tomar acuerdos respecto a las conclusiones y hacer un concentrado que posteriormente van a deliberar y presentar el viernes 9 del presente mes.<\/p>\n<p>En el foro final participar\u00e1n las 22 autoridades representantes de comunidades ind\u00edgenas y afrodescendientes para fortalecer el dictamen que se someter\u00e1 a votaci\u00f3n del Pleno Legislativo y mediante el cual prev\u00e9n avalar la armonizaci\u00f3n constitucional local con la federal.<\/p>\n","protected":false},"excerpt":{"rendered":"<p>Alejandro \u00c1vila Veracruz, Ver.- Una vez concluidos los foros con representantes de comunidades ind\u00edgenas y afromexicanos una de los solicitudes m\u00e1s encarecidas fue que se incluye el concepto Pueblos Originarios en la Constituci\u00f3n de Veracruz, se\u00f1al\u00f3 el diputado local, Carlos Marcelo Ruiz S\u00e1nchez. El legislador y coordinador del Partido Verde puntualiz\u00f3 que, el pr\u00f3ximo viernes [&hellip;]<\/p>\n","protected":false},"author":2476,"featured_media":66853,"comment_status":"open","ping_status":"open","sticky":false,"template":"","format":"standard","meta":{"_jetpack_memberships_contains_paid_content":false,"footnotes":""},"categories":[2],"tags":[],"class_list":["post-66852","post","type-post","status-publish","format-standard","has-post-thumbnail","hentry","category-estado"],"jetpack_featured_media_url":"https:\/\/encuentroinformativo.com.mx\/wp-content\/uploads\/2025\/05\/IMG-20250508-WA0115.jpg","jetpack_sharing_enabled":true,"jetpack_likes_enabled":true,"amp_enabled":true,"_links":{"self":[{"href":"https:\/\/encuentroinformativo.com.mx\/index.php?rest_route=\/wp\/v2\/posts\/66852","targetHints":{"allow":["GET"]}}],"collection":[{"href":"https:\/\/encuentroinformativo.com.mx\/index.php?rest_route=\/wp\/v2\/posts"}],"about":[{"href":"https:\/\/encuentroinformativo.com.mx\/index.php?rest_route=\/wp\/v2\/types\/post"}],"author":[{"embeddable":true,"href":"https:\/\/encuentroinformativo.com.mx\/index.php?rest_route=\/wp\/v2\/users\/2476"}],"replies":[{"embeddable":true,"href":"https:\/\/encuentroinformativo.com.mx\/index.php?rest_route=%2Fwp%2Fv2%2Fcomments&post=66852"}],"version-history":[{"count":1,"href":"https:\/\/encuentroinformativo.com.mx\/index.php?rest_route=\/wp\/v2\/posts\/66852\/revisions"}],"predecessor-version":[{"id":66854,"href":"https:\/\/encuentroinformativo.com.mx\/index.php?rest_route=\/wp\/v2\/posts\/66852\/revisions\/66854"}],"wp:featuredmedia":[{"embeddable":true,"href":"https:\/\/encuentroinformativo.com.mx\/index.php?rest_route=\/wp\/v2\/media\/66853"}],"wp:attachment":[{"href":"https:\/\/encuentroinformativo.com.mx\/index.php?rest_route=%2Fwp%2Fv2%2Fmedia&parent=66852"}],"wp:term":[{"taxonomy":"category","embeddable":true,"href":"https:\/\/encuentroinformativo.com.mx\/index.php?rest_route=%2Fwp%2Fv2%2Fcategories&post=66852"},{"taxonomy":"post_tag","embeddable":true,"href":"https:\/\/encuentroinformativo.com.mx\/index.php?rest_route=%2Fwp%2Fv2%2Ftags&post=66852"}],"curies":[{"name":"wp","href":"https:\/\/api.w.org\/{rel}","templated":true}]}}