{"id":66871,"date":"2025-05-08T15:16:57","date_gmt":"2025-05-08T21:16:57","guid":{"rendered":"https:\/\/encuentroinformativo.com.mx\/?p=66871"},"modified":"2025-05-08T15:16:57","modified_gmt":"2025-05-08T21:16:57","slug":"familiares-piden-liberacion-de-trabajadores-en-texistepec","status":"publish","type":"post","link":"https:\/\/encuentroinformativo.com.mx\/?p=66871","title":{"rendered":"Familiares piden liberaci\u00f3n de trabajadores en Texistepec"},"content":{"rendered":"<p><strong>Dar\u00edo Pale<\/strong><\/p>\n<p>Xalapa, Ver.- Momentos de angustia, tristeza, pero sobre todo de mucha indignaci\u00f3n han vivido los familiares de las 13 personas que fueron detenidas de manera injusta el pasado 3 de mayo en el municipio de Texistepec, Veracruz.<\/p>\n<p>Los detenidos acud\u00edan a cumplir con su trabajo, en diferentes \u00e1reas que fueron contratados y se encontraron con las armas y amenazas de un grupo de hombres que son bien conocidos en el pueblo por ser violentos e incluso estar involucrados con el crimen organizado.<\/p>\n<p>Lo que en un inicio los hizo sentir tranquilos, el ser retirados de la Unidad Minera por elementos ministeriales tras ser casi linchados por unos cuantos, gente de Domingo Flores, se convirti\u00f3 en un viacrucis.<\/p>\n<p>Los hombres y una mujer detenidos fueron llevados de un lugar a otro sin ser presentados de manera oficial, alargando las horas, despu\u00e9s llevados a los separos el d\u00eda s\u00e1bado, para presentarlos a declarar hasta el domingo pasadas las 19 horas.<\/p>\n<p>Para encontrarse con la fiscal regional, Karla D\u00edaz Hermosilla, la encargada de la unidad integral de Acayucan, Virginia Carrera Cumplido y la fiscal cuarta, Teresa de Jes\u00fas Pucheta Polito, quienes abiertamente presumen ser intocables por estar en la n\u00f3mina de un grupo delincuencial, quienes adem\u00e1s de ocultar la informaci\u00f3n, en primer lugar los acus\u00f3, a todos, de lesiones.<\/p>\n<p>Los familiares pensaron que su dolor estaba por acabar, sin embargo al llegar ante el juez Jorge Luis Mapel Mart\u00ednez, la fiscal\u00eda se hizo presente para agregar a la acusaci\u00f3n el delito de \u201cterrorismo\u201d.<\/p>\n<p>Incluso antes de que iniciara la audiencia, el juez dijo que ten\u00eda la instrucci\u00f3n \u201cde Xalapa\u201d, de \u201carriba\u201d, refiri\u00e9ndose a la presidenta del Tribunal del Poder Judicial en Veracruz, Lisbeth Aurelia Jim\u00e9nez Aguirre, de que estos hombres se quedaran en la c\u00e1rcel.<\/p>\n<p><strong>\u00bfQuienes son los detenidos?<\/strong><\/p>\n<p>Los detenidos hombres y mujeres que conduc\u00edan los camiones, un abogado reconocido en la ciudad de Xalapa, e incluso un hombre que se encontraba tomado y estaba pasando en el lugar equivocado, con excepci\u00f3n del ultimo, son las personas que ingresaron a la Unidad Minera de Texistepec el pasado s\u00e1bado por la madrugada y que fueron contratados para prestar un servicio a Francisco Azhamar, apoderado legal de la asociaci\u00f3n encargada de la mina.<\/p>\n<p>El verdadero conflicto no es la toma de la mina, sino los negocios que mantiene Domingo Flores con uno de los criminales m\u00e1s poderosos en M\u00e9xico, dedicado al robo de hidrocarburos, mismo que logr\u00f3 ingresar al estado gracias al exsecretario de Gobierno con Cuitl\u00e1huac Garc\u00eda Jim\u00e9nez, el Bola 8.<\/p>\n<p>Y la fiscal Ver\u00f3nica Hern\u00e1ndez Giad\u00e1ns que sigue respondiendo a los intereses de este negro personaje que dej\u00f3 al estado con inestabilidad por permitir el ingreso de criminales y famoso por meter a la c\u00e1rcel a todos los que no coincid\u00edan con \u00e9l.<\/p>\n<p>Los familiares de los detenidos, quienes son madres, padres, hermanos e hijos, piden a la gobernadora Roc\u00edo Nahle Garc\u00eda que intervenga y vea esta situaci\u00f3n que fuera de ser justa, esta resultando una pesadilla para gente trabajadora que sali\u00f3, como todos los d\u00edas a buscar el pan para su familia.<\/p>\n","protected":false},"excerpt":{"rendered":"<p>Dar\u00edo Pale Xalapa, Ver.- Momentos de angustia, tristeza, pero sobre todo de mucha indignaci\u00f3n han vivido los familiares de las 13 personas que fueron detenidas de manera injusta el pasado 3 de mayo en el municipio de Texistepec, Veracruz. Los detenidos acud\u00edan a cumplir con su trabajo, en diferentes \u00e1reas que fueron contratados y se [&hellip;]<\/p>\n","protected":false},"author":2476,"featured_media":66872,"comment_status":"open","ping_status":"open","sticky":false,"template":"","format":"standard","meta":{"_jetpack_memberships_contains_paid_content":false,"footnotes":""},"categories":[14],"tags":[],"class_list":["post-66871","post","type-post","status-publish","format-standard","has-post-thumbnail","hentry","category-policiaca"],"jetpack_featured_media_url":"https:\/\/encuentroinformativo.com.mx\/wp-content\/uploads\/2025\/05\/IMG-20250508-WA02792.jpg","jetpack_sharing_enabled":true,"jetpack_likes_enabled":true,"amp_enabled":true,"_links":{"self":[{"href":"https:\/\/encuentroinformativo.com.mx\/index.php?rest_route=\/wp\/v2\/posts\/66871","targetHints":{"allow":["GET"]}}],"collection":[{"href":"https:\/\/encuentroinformativo.com.mx\/index.php?rest_route=\/wp\/v2\/posts"}],"about":[{"href":"https:\/\/encuentroinformativo.com.mx\/index.php?rest_route=\/wp\/v2\/types\/post"}],"author":[{"embeddable":true,"href":"https:\/\/encuentroinformativo.com.mx\/index.php?rest_route=\/wp\/v2\/users\/2476"}],"replies":[{"embeddable":true,"href":"https:\/\/encuentroinformativo.com.mx\/index.php?rest_route=%2Fwp%2Fv2%2Fcomments&post=66871"}],"version-history":[{"count":1,"href":"https:\/\/encuentroinformativo.com.mx\/index.php?rest_route=\/wp\/v2\/posts\/66871\/revisions"}],"predecessor-version":[{"id":66873,"href":"https:\/\/encuentroinformativo.com.mx\/index.php?rest_route=\/wp\/v2\/posts\/66871\/revisions\/66873"}],"wp:featuredmedia":[{"embeddable":true,"href":"https:\/\/encuentroinformativo.com.mx\/index.php?rest_route=\/wp\/v2\/media\/66872"}],"wp:attachment":[{"href":"https:\/\/encuentroinformativo.com.mx\/index.php?rest_route=%2Fwp%2Fv2%2Fmedia&parent=66871"}],"wp:term":[{"taxonomy":"category","embeddable":true,"href":"https:\/\/encuentroinformativo.com.mx\/index.php?rest_route=%2Fwp%2Fv2%2Fcategories&post=66871"},{"taxonomy":"post_tag","embeddable":true,"href":"https:\/\/encuentroinformativo.com.mx\/index.php?rest_route=%2Fwp%2Fv2%2Ftags&post=66871"}],"curies":[{"name":"wp","href":"https:\/\/api.w.org\/{rel}","templated":true}]}}