{"id":6688,"date":"2020-10-08T15:44:21","date_gmt":"2020-10-08T20:44:21","guid":{"rendered":"https:\/\/encuentroinformativo.com.mx\/?p=6688"},"modified":"2020-10-08T16:01:47","modified_gmt":"2020-10-08T21:01:47","slug":"roban-con-violencia-taxi-en-la-pochota","status":"publish","type":"post","link":"https:\/\/encuentroinformativo.com.mx\/?p=6688","title":{"rendered":"Roban con violencia taxi en La Pochota"},"content":{"rendered":"\n<p><strong>Alejandro \u00c1vila<\/strong><\/p>\n\n\n\n<p>Veracruz, Ver.- La ma\u00f1ana de este jueves, dos sujetos robaron con violencia la unidad de taxi de Veracruz, con n\u00famero econ\u00f3mico 6554, propiedad del se\u00f1or El\u00edas Garc\u00eda.<\/p>\n\n\n\n<p>El propietario de la unidad de transporte p\u00fablico, relata que dos personas se subieron al taxi de sitio en Nuevo Veracruz con destino a la colonia La Pochota, llegando al punto, los sujetos colocaron atr\u00e1s del asiento algo, que supon\u00eda ser un arma de fuego, y le dijeron al chofer que bajara del autom\u00f3vil para despu\u00e9s llevarselo con destino desconocido.<\/p>\n\n\n\n<p>Cabe se\u00f1alar, que esta es la segunda ocasi\u00f3n que le roban un taxi al se\u00f1or El\u00edas Garc\u00eda, ambos del sitio que se ubica en la zona del fraccionamiento Nuevo Veracruz.<\/p>\n\n\n\n<p>&#8220;Como vemos en Veracruz prevalece la delincuencia y la impunidad, este carro, creo que como el otro, tampoco lo voy a recuperar, y es algo verderamente penoso lo que pasa actualmente en Veracruz&#8221;, expres\u00f3.<\/p>\n\n\n\n<p>El veh\u00edculo hurtado es un March modelo 2015, con todos los permisos en regla para circular.<\/p>\n\n\n\n<p>&#8220;Ojal\u00e1 esto ya llegue a un buen fin, porque siempre las autoridades nada m\u00e1s le toman a uno la declaraci\u00f3n y en eso queda, y la impunidad sigue a todo lo que da&#8221;, remat\u00f3.<\/p>\n\n\n\n<p>El se\u00f1or El\u00edas Garc\u00eda, se traslad\u00f3 a las oficinas de la Fiscal\u00eda General del Estado de Veracruz que se ubican en la avenida Fidel Velazquez, para hacer la denuncia correspondiente y que se inicien las investigaciones.<\/p>\n","protected":false},"excerpt":{"rendered":"<p>Alejandro \u00c1vila Veracruz, Ver.- La ma\u00f1ana de este jueves, dos sujetos robaron con violencia la unidad de taxi de Veracruz, con n\u00famero econ\u00f3mico 6554, propiedad del se\u00f1or El\u00edas Garc\u00eda. El propietario de la unidad de transporte p\u00fablico, relata que dos personas se subieron al taxi de sitio en Nuevo Veracruz con destino a la colonia [&hellip;]<\/p>\n","protected":false},"author":1,"featured_media":2753,"comment_status":"open","ping_status":"open","sticky":false,"template":"","format":"standard","meta":{"_jetpack_memberships_contains_paid_content":false,"footnotes":""},"categories":[14],"tags":[],"class_list":["post-6688","post","type-post","status-publish","format-standard","has-post-thumbnail","hentry","category-policiaca"],"jetpack_featured_media_url":"https:\/\/encuentroinformativo.com.mx\/wp-content\/uploads\/2020\/05\/175AACE5-7574-4B06-BFBF-43FF3279C318.jpeg","jetpack_sharing_enabled":true,"jetpack_likes_enabled":true,"amp_enabled":true,"_links":{"self":[{"href":"https:\/\/encuentroinformativo.com.mx\/index.php?rest_route=\/wp\/v2\/posts\/6688","targetHints":{"allow":["GET"]}}],"collection":[{"href":"https:\/\/encuentroinformativo.com.mx\/index.php?rest_route=\/wp\/v2\/posts"}],"about":[{"href":"https:\/\/encuentroinformativo.com.mx\/index.php?rest_route=\/wp\/v2\/types\/post"}],"author":[{"embeddable":true,"href":"https:\/\/encuentroinformativo.com.mx\/index.php?rest_route=\/wp\/v2\/users\/1"}],"replies":[{"embeddable":true,"href":"https:\/\/encuentroinformativo.com.mx\/index.php?rest_route=%2Fwp%2Fv2%2Fcomments&post=6688"}],"version-history":[{"count":1,"href":"https:\/\/encuentroinformativo.com.mx\/index.php?rest_route=\/wp\/v2\/posts\/6688\/revisions"}],"predecessor-version":[{"id":6690,"href":"https:\/\/encuentroinformativo.com.mx\/index.php?rest_route=\/wp\/v2\/posts\/6688\/revisions\/6690"}],"wp:featuredmedia":[{"embeddable":true,"href":"https:\/\/encuentroinformativo.com.mx\/index.php?rest_route=\/wp\/v2\/media\/2753"}],"wp:attachment":[{"href":"https:\/\/encuentroinformativo.com.mx\/index.php?rest_route=%2Fwp%2Fv2%2Fmedia&parent=6688"}],"wp:term":[{"taxonomy":"category","embeddable":true,"href":"https:\/\/encuentroinformativo.com.mx\/index.php?rest_route=%2Fwp%2Fv2%2Fcategories&post=6688"},{"taxonomy":"post_tag","embeddable":true,"href":"https:\/\/encuentroinformativo.com.mx\/index.php?rest_route=%2Fwp%2Fv2%2Ftags&post=6688"}],"curies":[{"name":"wp","href":"https:\/\/api.w.org\/{rel}","templated":true}]}}