{"id":66883,"date":"2025-05-08T17:32:07","date_gmt":"2025-05-08T23:32:07","guid":{"rendered":"https:\/\/encuentroinformativo.com.mx\/?p=66883"},"modified":"2025-05-08T17:32:07","modified_gmt":"2025-05-08T23:32:07","slug":"protesta-resistencia-veracruzana-en-el-ople-alcaldesa-los-denuncio-por-violencia-politica","status":"publish","type":"post","link":"https:\/\/encuentroinformativo.com.mx\/?p=66883","title":{"rendered":"Protesta Resistencia Veracruzana en el OPLE, alcaldesa los denunci\u00f3 por violencia pol\u00edtica"},"content":{"rendered":"<p><strong>Dar\u00edo Pale<\/strong><\/p>\n<p>Xalapa, Ver.- Con la intenci\u00f3n de pedir respeto a sus derechos y afirmar que fueron denunciados por violencia pol\u00edtica en raz\u00f3n de g\u00e9nero presuntamente sin las pruebas necesarias, los integrantes de la agrupaci\u00f3n Resistencia Veracruzana del municipio de Mart\u00ednez de la Torre se manifestaron en el Organismo P\u00fablico Local Electoral (OPLE).<\/p>\n<p>Coment\u00f3 que la organizaci\u00f3n est\u00e1 a favor de que este tipo de delito sea erradicado, \u201cpero no se debe usar para silenciar a quienes buscan denunciar actos de corrupci\u00f3n\u201d.<\/p>\n<p>El grupo de manifestantes cerr\u00f3 la calle Benito Ju\u00e1rez, en la zona Centro de Xalapa, donde se ubican las oficinas del OPLE para defenderse de la denuncia que recibieron seis de sus integrantes de parte de la alcaldesa de Mart\u00ednez de la Torre de extracci\u00f3n morenista, Alfa Citlalli \u00c1lvarez V\u00e1zquez.<\/p>\n<p>\u201cLa alcaldesa no resuelve, pidi\u00f3 protecci\u00f3n polic\u00edaca y busca que las personas no la graben, sino que se queden alejadas de ella para evitar que se tengan pruebas de las anomal\u00edas que hay en su administraci\u00f3n\u201d, expres\u00f3.<\/p>\n<p>Los quejosos acudieron a las instalaciones del organismo para atender una audiencia, programada para las 14:00 horas en relaci\u00f3n a la denuncia presentada en su contra.<\/p>\n<p>Al respecto, Juan Carlos Cuevas Reyes, integrante de la organizaci\u00f3n indic\u00f3 que se acudi\u00f3 a atender una comparecencia, ya que se encuentran denunciados por violencia pol\u00edtica en raz\u00f3n de g\u00e9nero.<\/p>\n<p>Explic\u00f3 que la denuncia se gener\u00f3 en contra de seis integrantes de su agrupaci\u00f3n, incluido \u00e9l, por lo que se acudi\u00f3 a presentar las pruebas para defenderse.<\/p>\n<p>\u201cRecientemente nos lleg\u00f3 la notificaci\u00f3n y tenemos comparecencia este d\u00eda aqu\u00ed en el OPLE, la denuncia fue presentada por la alcaldesa de Mart\u00ednez de la Torre de la cual \u00fanicamente hemos denunciado actos de corrupci\u00f3n, abuso de autoridad, desv\u00edo de recursos, el nepotismo, las anomal\u00edas que hay en Mart\u00ednez de la Torre\u201d, dijo.<\/p>\n<p>Finalmente asegur\u00f3 no tener afiliaci\u00f3n o actos en contra de alg\u00fan partido pol\u00edtico, sino que \u201cs\u00f3lo se ha denunciado la corrupci\u00f3n, especialmente la polic\u00edaca\u201d.<\/p>\n<p><img loading=\"lazy\" decoding=\"async\" class=\"alignnone size-medium wp-image-66885\" src=\"https:\/\/encuentroinformativo.com.mx\/wp-content\/uploads\/2025\/05\/IMG-20250508-WA0392-300x169.jpg\" alt=\"\" width=\"300\" height=\"169\" srcset=\"https:\/\/encuentroinformativo.com.mx\/wp-content\/uploads\/2025\/05\/IMG-20250508-WA0392-300x169.jpg 300w, https:\/\/encuentroinformativo.com.mx\/wp-content\/uploads\/2025\/05\/IMG-20250508-WA0392-1024x576.jpg 1024w, https:\/\/encuentroinformativo.com.mx\/wp-content\/uploads\/2025\/05\/IMG-20250508-WA0392-768x432.jpg 768w, https:\/\/encuentroinformativo.com.mx\/wp-content\/uploads\/2025\/05\/IMG-20250508-WA0392-1536x864.jpg 1536w, https:\/\/encuentroinformativo.com.mx\/wp-content\/uploads\/2025\/05\/IMG-20250508-WA0392.jpg 1599w\" sizes=\"auto, (max-width: 300px) 100vw, 300px\" \/><\/p>\n","protected":false},"excerpt":{"rendered":"<p>Dar\u00edo Pale Xalapa, Ver.- Con la intenci\u00f3n de pedir respeto a sus derechos y afirmar que fueron denunciados por violencia pol\u00edtica en raz\u00f3n de g\u00e9nero presuntamente sin las pruebas necesarias, los integrantes de la agrupaci\u00f3n Resistencia Veracruzana del municipio de Mart\u00ednez de la Torre se manifestaron en el Organismo P\u00fablico Local Electoral (OPLE). Coment\u00f3 que [&hellip;]<\/p>\n","protected":false},"author":2476,"featured_media":66884,"comment_status":"open","ping_status":"open","sticky":false,"template":"","format":"standard","meta":{"_jetpack_memberships_contains_paid_content":false,"footnotes":""},"categories":[2],"tags":[],"class_list":["post-66883","post","type-post","status-publish","format-standard","has-post-thumbnail","hentry","category-estado"],"jetpack_featured_media_url":"https:\/\/encuentroinformativo.com.mx\/wp-content\/uploads\/2025\/05\/IMG-20250508-WA0397.jpg","jetpack_sharing_enabled":true,"jetpack_likes_enabled":true,"amp_enabled":true,"_links":{"self":[{"href":"https:\/\/encuentroinformativo.com.mx\/index.php?rest_route=\/wp\/v2\/posts\/66883","targetHints":{"allow":["GET"]}}],"collection":[{"href":"https:\/\/encuentroinformativo.com.mx\/index.php?rest_route=\/wp\/v2\/posts"}],"about":[{"href":"https:\/\/encuentroinformativo.com.mx\/index.php?rest_route=\/wp\/v2\/types\/post"}],"author":[{"embeddable":true,"href":"https:\/\/encuentroinformativo.com.mx\/index.php?rest_route=\/wp\/v2\/users\/2476"}],"replies":[{"embeddable":true,"href":"https:\/\/encuentroinformativo.com.mx\/index.php?rest_route=%2Fwp%2Fv2%2Fcomments&post=66883"}],"version-history":[{"count":1,"href":"https:\/\/encuentroinformativo.com.mx\/index.php?rest_route=\/wp\/v2\/posts\/66883\/revisions"}],"predecessor-version":[{"id":66886,"href":"https:\/\/encuentroinformativo.com.mx\/index.php?rest_route=\/wp\/v2\/posts\/66883\/revisions\/66886"}],"wp:featuredmedia":[{"embeddable":true,"href":"https:\/\/encuentroinformativo.com.mx\/index.php?rest_route=\/wp\/v2\/media\/66884"}],"wp:attachment":[{"href":"https:\/\/encuentroinformativo.com.mx\/index.php?rest_route=%2Fwp%2Fv2%2Fmedia&parent=66883"}],"wp:term":[{"taxonomy":"category","embeddable":true,"href":"https:\/\/encuentroinformativo.com.mx\/index.php?rest_route=%2Fwp%2Fv2%2Fcategories&post=66883"},{"taxonomy":"post_tag","embeddable":true,"href":"https:\/\/encuentroinformativo.com.mx\/index.php?rest_route=%2Fwp%2Fv2%2Ftags&post=66883"}],"curies":[{"name":"wp","href":"https:\/\/api.w.org\/{rel}","templated":true}]}}