{"id":66890,"date":"2025-05-08T18:08:30","date_gmt":"2025-05-09T00:08:30","guid":{"rendered":"https:\/\/encuentroinformativo.com.mx\/?p=66890"},"modified":"2025-05-08T18:08:30","modified_gmt":"2025-05-09T00:08:30","slug":"realizara-movimiento-ciudadano-foro-en-veracruz-la-fuerza-de-las-ideas","status":"publish","type":"post","link":"https:\/\/encuentroinformativo.com.mx\/?p=66890","title":{"rendered":"Realizar\u00e1 Movimiento Ciudadano foro en Veracruz: \u201cLa Fuerza de las Ideas\u201d"},"content":{"rendered":"<p><strong>*\u00a0 Entre las personas expertas participan en las mesas Alejandra Latap\u00ed, Ex Consejera del INE y Patricio Ballados, Consultor y ex director ejecutivo del INE.<\/strong><br \/>\n<strong>* El senador Luis Donaldo Colosio Riojas, participar\u00e1 con un mensaje en la clausura.<\/strong><\/p>\n<p>Ciudad de M\u00e9xico.- Para Movimiento Ciudadano los tiempos actuales requieren poner a discusi\u00f3n y an\u00e1lisis las ideas que nos dan identidad como proyecto pol\u00edtico, reconocer el camino que nos ha tra\u00eddo a la democracia en M\u00e9xico, e identificar los retos que enfrentamos, y saber con qu\u00e9 contamos para construir el M\u00e9xico Nuevo. En ese contexto, el Instituto de Capacitaci\u00f3n y Concertaci\u00f3n Ciudadana, que coordina la licenciada Martha Tagle, convoca al foro \u201cLa fuerza de las Ideas\u201d, en Veracruz.<\/p>\n<p>Estos foros se llevar\u00e1n a cabo en diferentes regiones del pa\u00eds con la participaci\u00f3n de personas expertas de la academia, la opini\u00f3n p\u00fablica y la sociedad civil organizada y ser\u00e1n abiertos al p\u00fablico interesado en formarse una opini\u00f3n y a, a partir de ello, incidir en las decisiones p\u00fablicas.<\/p>\n<p>El foro se desarrollar\u00e1 en tres ejes, Visi\u00f3n socialdem\u00f3crata, qu\u00e9 es, qu\u00e9 propone, causas y perspectivas; De d\u00f3nde venimos, contenidos para una narrativa hist\u00f3rica de la construcci\u00f3n colectiva de la democracia en M\u00e9xico y los retos que enfrentamos; Con qu\u00e9 contamos, para construir el M\u00e9xico para las nuevas generaciones. Adquirir bases en materia de pol\u00edtica econ\u00f3mica, fiscal y financiera.<\/p>\n<p>En las diferentes mesas del foro contaremos con la participaci\u00f3n de personas expertas entre otras Marco Arellano, Polit\u00f3logo de la FCPyS; Alejandra Latap\u00ed, Ex Consejera del INE; Patricio Ballados, Consultor, ex director ejecutivo del INE; Guadalupe Salmor\u00e1n, investigadora del Instituto de Investigaciones Jur\u00eddicas de la UNAM; Roberto V\u00e9lez del CEEY; Carlos Cabrera de la FES; Damaris Ovando, internacionalista y Ana Georgina De la Fuente de la Red de Polit\u00f3logas<\/p>\n<p>El evento tendr\u00e1 lugar el pr\u00f3ximo mi\u00e9rcoles 14 de mayo de 9:00 a 18:30 horas en el Sal\u00f3n Veracruz, del Hotel Galer\u00eda Plaza Veracruz, ubicado en Blvd. Adolfo Ruiz Cortines No. 3495, Colonia Mocambo, Boca del Rio, Veracruz. C.P. 94294.<\/p>\n<p>En la clausura del evento dirigir\u00e1 un mensaje a las personas participantes el senador Luis Donaldo Colosio Riojas.<\/p>\n","protected":false},"excerpt":{"rendered":"<p>*\u00a0 Entre las personas expertas participan en las mesas Alejandra Latap\u00ed, Ex Consejera del INE y Patricio Ballados, Consultor y ex director ejecutivo del INE. * El senador Luis Donaldo Colosio Riojas, participar\u00e1 con un mensaje en la clausura. Ciudad de M\u00e9xico.- Para Movimiento Ciudadano los tiempos actuales requieren poner a discusi\u00f3n y an\u00e1lisis las [&hellip;]<\/p>\n","protected":false},"author":2476,"featured_media":66891,"comment_status":"open","ping_status":"open","sticky":false,"template":"","format":"standard","meta":{"_jetpack_memberships_contains_paid_content":false,"footnotes":""},"categories":[2],"tags":[],"class_list":["post-66890","post","type-post","status-publish","format-standard","has-post-thumbnail","hentry","category-estado"],"jetpack_featured_media_url":"https:\/\/encuentroinformativo.com.mx\/wp-content\/uploads\/2025\/05\/FB_IMG_1746749174231.jpg","jetpack_sharing_enabled":true,"jetpack_likes_enabled":true,"amp_enabled":true,"_links":{"self":[{"href":"https:\/\/encuentroinformativo.com.mx\/index.php?rest_route=\/wp\/v2\/posts\/66890","targetHints":{"allow":["GET"]}}],"collection":[{"href":"https:\/\/encuentroinformativo.com.mx\/index.php?rest_route=\/wp\/v2\/posts"}],"about":[{"href":"https:\/\/encuentroinformativo.com.mx\/index.php?rest_route=\/wp\/v2\/types\/post"}],"author":[{"embeddable":true,"href":"https:\/\/encuentroinformativo.com.mx\/index.php?rest_route=\/wp\/v2\/users\/2476"}],"replies":[{"embeddable":true,"href":"https:\/\/encuentroinformativo.com.mx\/index.php?rest_route=%2Fwp%2Fv2%2Fcomments&post=66890"}],"version-history":[{"count":1,"href":"https:\/\/encuentroinformativo.com.mx\/index.php?rest_route=\/wp\/v2\/posts\/66890\/revisions"}],"predecessor-version":[{"id":66892,"href":"https:\/\/encuentroinformativo.com.mx\/index.php?rest_route=\/wp\/v2\/posts\/66890\/revisions\/66892"}],"wp:featuredmedia":[{"embeddable":true,"href":"https:\/\/encuentroinformativo.com.mx\/index.php?rest_route=\/wp\/v2\/media\/66891"}],"wp:attachment":[{"href":"https:\/\/encuentroinformativo.com.mx\/index.php?rest_route=%2Fwp%2Fv2%2Fmedia&parent=66890"}],"wp:term":[{"taxonomy":"category","embeddable":true,"href":"https:\/\/encuentroinformativo.com.mx\/index.php?rest_route=%2Fwp%2Fv2%2Fcategories&post=66890"},{"taxonomy":"post_tag","embeddable":true,"href":"https:\/\/encuentroinformativo.com.mx\/index.php?rest_route=%2Fwp%2Fv2%2Ftags&post=66890"}],"curies":[{"name":"wp","href":"https:\/\/api.w.org\/{rel}","templated":true}]}}