{"id":66897,"date":"2025-05-08T20:42:52","date_gmt":"2025-05-09T02:42:52","guid":{"rendered":"https:\/\/encuentroinformativo.com.mx\/?p=66897"},"modified":"2025-05-08T20:42:52","modified_gmt":"2025-05-09T02:42:52","slug":"emite-congreso-convocatoria-para-designar-a-fiscal-anticorrupcion","status":"publish","type":"post","link":"https:\/\/encuentroinformativo.com.mx\/?p=66897","title":{"rendered":"Emite Congreso convocatoria para designar a Fiscal Anticorrupci\u00f3n"},"content":{"rendered":"<p><strong>* La presidencia de la Comisi\u00f3n de Procuraci\u00f3n de Justicia recibir\u00e1 las propuestas los d\u00edas 9, 13, 14, 15 y 16 de mayo de este a\u00f1o, en horario de 09:00 a 18:00 horas.<\/strong><\/p>\n<p style=\"font-weight: 400;\">Xalapa, Ver.- La LXVII Legislatura aprob\u00f3 la emisi\u00f3n de la convocatoria dirigida a las y los ciudadanos, as\u00ed como a organizaciones de profesionistas, instituciones acad\u00e9micas y sociedad en general a proponer personas que cumplan con los requisitos constitucionales y que deseen participar en el proceso de selecci\u00f3n y nombramiento al cargo de titular de la Fiscal\u00eda Especializada en Combate a la Corrupci\u00f3n.<\/p>\n<p style=\"font-weight: 400;\">Lo anterior, en raz\u00f3n que est\u00e1 por concluir el periodo para el cual fue nombrada la actual titular de esa Fiscal\u00eda.<\/p>\n<p style=\"font-weight: 400;\">El Acuerdo, presentado en la cuarta sesi\u00f3n ordinaria, refiere que el Congreso del Estado, por conducto de la Comisi\u00f3n Permanente de Procuraci\u00f3n de Justicia y de la Junta de Coordinaci\u00f3n Pol\u00edtica, es el \u00f3rgano encargado de desarrollar el proceso de selecci\u00f3n y nombramiento al cargo de la persona titular de la Fiscal\u00eda Especializada en Combate a la Corrupci\u00f3n, conforme a lo establecido en el art\u00edculo 67, fracci\u00f3n I, de la Constituci\u00f3n Pol\u00edtica local.<\/p>\n<p style=\"font-weight: 400;\">Las personas que aspiren a ser nombradas para el cargo de referencia deber\u00e1n cumplir y acreditar los requisitos siguientes: ser ciudadana o ciudadano mexicano por nacimiento en ejercicio de sus derechos y no tener otra nacionalidad;\u00a0tener, cuando menos, 30 a\u00f1os cumplidos al d\u00eda de su designaci\u00f3n,\u00a0y\u00a0poseer, al d\u00eda de su designaci\u00f3n, t\u00edtulo de Licenciada o Licenciado en Derecho, con antig\u00fcedad m\u00ednima de cinco a\u00f1os, expedido por autoridad o instituci\u00f3n mexicana legalmente facultada para ello.<\/p>\n<p style=\"font-weight: 400;\">Tambi\u00e9n, no haber sido condenada o condenado por delito que amerite pena corporal de m\u00e1s de un a\u00f1o de prisi\u00f3n; pero si se tratare de robo, fraude, falsificaci\u00f3n o abuso de confianza, le inhabilitar\u00e1 para el cargo, cualquiera que haya sido la pena, y\u00a0no pertenecer al estado eclesi\u00e1stico, no ser ministra o ministro de alg\u00fan culto religioso, a menos que se separe conforme a lo establecido en la Constituci\u00f3n federal y la ley de la materia.<\/p>\n<p style=\"font-weight: 400;\">No podr\u00e1 ser Fiscal Especializado en Combate a la Corrupci\u00f3n la persona que haya ocupado el cargo de Secretaria o Secretario de Despacho o su equivalente, Fiscal General del Estado, Senadora o Senador, Diputada o Diputado Local o Federal o Presidenta o Presidente Municipal, durante el a\u00f1o previo al d\u00eda de su nombramiento.<\/p>\n<p style=\"font-weight: 400;\">Las propuestas de ciudadanas y ciudadanos que puedan ocupar el cargo mencionado se recibir\u00e1n los d\u00edas 9, 13, 14, 15 y 16 de mayo de este a\u00f1o, en horario de 09:00 a 18:00 horas, en las oficinas de la presidencia de la Comisi\u00f3n Permanente de Procuraci\u00f3n de Justicia.<\/p>\n<p style=\"font-weight: 400;\">La Comisi\u00f3n Permanente de Procuraci\u00f3n de Justicia realizar\u00e1 las entrevistas a las personas aspirantes que hayan cumplido con los requisitos legales correspondientes, en un plazo que no podr\u00e1 exceder del 23 de\u00a0 mayo de 2025. Las entrevistas ser\u00e1n transmitidas a trav\u00e9s del portal de Internet del Congreso del Estado y por las redes sociales del mismo.<\/p>\n<p style=\"font-weight: 400;\">A m\u00e1s tardar el 26 de mayo, la citada Comisi\u00f3n entregar\u00e1 a la Jucopo un informe por escrito de lo actuado en el proceso de recepci\u00f3n de propuestas y entrevistas.<\/p>\n<p style=\"font-weight: 400;\">Con base en el informe recibido, la Jucopo formular\u00e1 un proyecto de punto de acuerdo que contendr\u00e1 una terna de personas aspirantes, mismo que, a m\u00e1s tardar el 27 de mayo se someter\u00e1 a la consideraci\u00f3n y votaci\u00f3n del Pleno de la LXVII Legislatura, para que, de entre dicha terna, sea nombrada la persona titular de la Fiscal\u00eda Especializada en Combate a la Corrupci\u00f3n, por el voto aprobatorio de las dos terceras partes de las y los diputados presentes en la sesi\u00f3n respectiva.<\/p>\n","protected":false},"excerpt":{"rendered":"<p>* La presidencia de la Comisi\u00f3n de Procuraci\u00f3n de Justicia recibir\u00e1 las propuestas los d\u00edas 9, 13, 14, 15 y 16 de mayo de este a\u00f1o, en horario de 09:00 a 18:00 horas. Xalapa, Ver.- La LXVII Legislatura aprob\u00f3 la emisi\u00f3n de la convocatoria dirigida a las y los ciudadanos, as\u00ed como a organizaciones de [&hellip;]<\/p>\n","protected":false},"author":2476,"featured_media":66898,"comment_status":"open","ping_status":"open","sticky":false,"template":"","format":"standard","meta":{"_jetpack_memberships_contains_paid_content":false,"footnotes":""},"categories":[2],"tags":[],"class_list":["post-66897","post","type-post","status-publish","format-standard","has-post-thumbnail","hentry","category-estado"],"jetpack_featured_media_url":"https:\/\/encuentroinformativo.com.mx\/wp-content\/uploads\/2025\/05\/NOV08MAYO2025CONVOCATORIA1.jpeg","jetpack_sharing_enabled":true,"jetpack_likes_enabled":true,"amp_enabled":true,"_links":{"self":[{"href":"https:\/\/encuentroinformativo.com.mx\/index.php?rest_route=\/wp\/v2\/posts\/66897","targetHints":{"allow":["GET"]}}],"collection":[{"href":"https:\/\/encuentroinformativo.com.mx\/index.php?rest_route=\/wp\/v2\/posts"}],"about":[{"href":"https:\/\/encuentroinformativo.com.mx\/index.php?rest_route=\/wp\/v2\/types\/post"}],"author":[{"embeddable":true,"href":"https:\/\/encuentroinformativo.com.mx\/index.php?rest_route=\/wp\/v2\/users\/2476"}],"replies":[{"embeddable":true,"href":"https:\/\/encuentroinformativo.com.mx\/index.php?rest_route=%2Fwp%2Fv2%2Fcomments&post=66897"}],"version-history":[{"count":1,"href":"https:\/\/encuentroinformativo.com.mx\/index.php?rest_route=\/wp\/v2\/posts\/66897\/revisions"}],"predecessor-version":[{"id":66899,"href":"https:\/\/encuentroinformativo.com.mx\/index.php?rest_route=\/wp\/v2\/posts\/66897\/revisions\/66899"}],"wp:featuredmedia":[{"embeddable":true,"href":"https:\/\/encuentroinformativo.com.mx\/index.php?rest_route=\/wp\/v2\/media\/66898"}],"wp:attachment":[{"href":"https:\/\/encuentroinformativo.com.mx\/index.php?rest_route=%2Fwp%2Fv2%2Fmedia&parent=66897"}],"wp:term":[{"taxonomy":"category","embeddable":true,"href":"https:\/\/encuentroinformativo.com.mx\/index.php?rest_route=%2Fwp%2Fv2%2Fcategories&post=66897"},{"taxonomy":"post_tag","embeddable":true,"href":"https:\/\/encuentroinformativo.com.mx\/index.php?rest_route=%2Fwp%2Fv2%2Ftags&post=66897"}],"curies":[{"name":"wp","href":"https:\/\/api.w.org\/{rel}","templated":true}]}}