{"id":66900,"date":"2025-05-08T21:31:43","date_gmt":"2025-05-09T03:31:43","guid":{"rendered":"https:\/\/encuentroinformativo.com.mx\/?p=66900"},"modified":"2025-05-08T21:31:43","modified_gmt":"2025-05-09T03:31:43","slug":"en-el-congreso-del-estado-festejan-a-madres-trabajadoras","status":"publish","type":"post","link":"https:\/\/encuentroinformativo.com.mx\/?p=66900","title":{"rendered":"En el Congreso del Estado festejan a madres trabajadoras"},"content":{"rendered":"<p><strong>* Reconoce diputado Esteban Bautista la labor profesional que realizan al interior de esta Soberan\u00eda.<\/strong><\/p>\n<p style=\"font-weight: 400;\">Xalapa, Ver.- El papel de las mujeres veracruzanas en los \u00e1mbitos laboral y familiar es invaluable, en ellas recae diariamente una doble responsabilidad, expres\u00f3 el presidente de la Junta de Coordinaci\u00f3n Pol\u00edtica (Jucopo) de la LXVII Legislatura, diputado Esteban Bautista Hern\u00e1ndez al dirigir su mensaje a la plantilla de mujeres trabajadoras del Congreso del Estado, con motivo del D\u00eda de las Madres.<\/p>\n<p style=\"font-weight: 400;\">El legislador reconoci\u00f3 la participaci\u00f3n activa de las mujeres que laboran en todas las \u00e1reas del Palacio Legislativo, toda vez que, \u201cadem\u00e1s de cumplir con sus encargos, tambi\u00e9n se dan tiempo para atender y cuidar a la familia\u201d.<\/p>\n<p style=\"font-weight: 400;\">Por otra parte, extern\u00f3 su felicitaci\u00f3n y su afecto a todas las presentes y reiter\u00f3 su admiraci\u00f3n y respaldo.<\/p>\n<p style=\"font-weight: 400;\">Con la presencia de la presidenta de la Mesa Directiva, diputada Tanya Carola Viveros Ch\u00e1zaro, la legisladora Imelda Garrido Alvarado destac\u00f3 las diversas actividades que realizan las mujeres en la vida pol\u00edtica, social y familiar de M\u00e9xico, \u201cde ah\u00ed la importancia de reconocer la doble labor que llevan a cabo d\u00eda con d\u00eda\u201d.<\/p>\n<p style=\"font-weight: 400;\">Asimismo, expres\u00f3 que el binomio mujer-madre no ha sido valorado en la dimensi\u00f3n hist\u00f3rica y social que implica. \u201cMi reconocimiento y gratitud a todas nuestras madres mexicanas y veracruzanas, a mis amigas, compa\u00f1eras, maestras, madres tambi\u00e9n, las abrazo con cari\u00f1o y admiraci\u00f3n\u201d, concluy\u00f3.<\/p>\n<p style=\"font-weight: 400;\">Asistieron a este acto las diputadas Liud Herrera F\u00e9lix, Roxana Barrag\u00e1n Hern\u00e1ndez, Ingrid Jeny Calder\u00f3n Dom\u00ednguez, Victoria Guti\u00e9rrez P\u00e9rez y Naomi Edith G\u00f3mez Santos; as\u00ed como el secretario general del Congreso, Domingo Bahena Corbal\u00e1; el secretario general del Sindicato \u00danico de Trabajadores al Servicio del Poder Legislativo (SUTSPL), Jos\u00e9 de Jes\u00fas Rodr\u00edguez Hern\u00e1ndez, jefes de \u00e1rea y personal administrativo del Congreso local.<\/p>\n<p><img loading=\"lazy\" decoding=\"async\" class=\"alignnone size-medium wp-image-66902\" src=\"https:\/\/encuentroinformativo.com.mx\/wp-content\/uploads\/2025\/05\/NOV08MAYO2025FESTEJO5-300x200.jpeg\" alt=\"\" width=\"300\" height=\"200\" srcset=\"https:\/\/encuentroinformativo.com.mx\/wp-content\/uploads\/2025\/05\/NOV08MAYO2025FESTEJO5-300x200.jpeg 300w, https:\/\/encuentroinformativo.com.mx\/wp-content\/uploads\/2025\/05\/NOV08MAYO2025FESTEJO5-1024x684.jpeg 1024w, https:\/\/encuentroinformativo.com.mx\/wp-content\/uploads\/2025\/05\/NOV08MAYO2025FESTEJO5-768x513.jpeg 768w, https:\/\/encuentroinformativo.com.mx\/wp-content\/uploads\/2025\/05\/NOV08MAYO2025FESTEJO5-1536x1025.jpeg 1536w, https:\/\/encuentroinformativo.com.mx\/wp-content\/uploads\/2025\/05\/NOV08MAYO2025FESTEJO5.jpeg 1600w\" sizes=\"auto, (max-width: 300px) 100vw, 300px\" \/><\/p>\n","protected":false},"excerpt":{"rendered":"<p>* Reconoce diputado Esteban Bautista la labor profesional que realizan al interior de esta Soberan\u00eda. Xalapa, Ver.- El papel de las mujeres veracruzanas en los \u00e1mbitos laboral y familiar es invaluable, en ellas recae diariamente una doble responsabilidad, expres\u00f3 el presidente de la Junta de Coordinaci\u00f3n Pol\u00edtica (Jucopo) de la LXVII Legislatura, diputado Esteban Bautista [&hellip;]<\/p>\n","protected":false},"author":2476,"featured_media":66901,"comment_status":"open","ping_status":"open","sticky":false,"template":"","format":"standard","meta":{"_jetpack_memberships_contains_paid_content":false,"footnotes":""},"categories":[2],"tags":[],"class_list":["post-66900","post","type-post","status-publish","format-standard","has-post-thumbnail","hentry","category-estado"],"jetpack_featured_media_url":"https:\/\/encuentroinformativo.com.mx\/wp-content\/uploads\/2025\/05\/NOV08MAYO2025FESTEJO32.jpeg","jetpack_sharing_enabled":true,"jetpack_likes_enabled":true,"amp_enabled":true,"_links":{"self":[{"href":"https:\/\/encuentroinformativo.com.mx\/index.php?rest_route=\/wp\/v2\/posts\/66900","targetHints":{"allow":["GET"]}}],"collection":[{"href":"https:\/\/encuentroinformativo.com.mx\/index.php?rest_route=\/wp\/v2\/posts"}],"about":[{"href":"https:\/\/encuentroinformativo.com.mx\/index.php?rest_route=\/wp\/v2\/types\/post"}],"author":[{"embeddable":true,"href":"https:\/\/encuentroinformativo.com.mx\/index.php?rest_route=\/wp\/v2\/users\/2476"}],"replies":[{"embeddable":true,"href":"https:\/\/encuentroinformativo.com.mx\/index.php?rest_route=%2Fwp%2Fv2%2Fcomments&post=66900"}],"version-history":[{"count":1,"href":"https:\/\/encuentroinformativo.com.mx\/index.php?rest_route=\/wp\/v2\/posts\/66900\/revisions"}],"predecessor-version":[{"id":66903,"href":"https:\/\/encuentroinformativo.com.mx\/index.php?rest_route=\/wp\/v2\/posts\/66900\/revisions\/66903"}],"wp:featuredmedia":[{"embeddable":true,"href":"https:\/\/encuentroinformativo.com.mx\/index.php?rest_route=\/wp\/v2\/media\/66901"}],"wp:attachment":[{"href":"https:\/\/encuentroinformativo.com.mx\/index.php?rest_route=%2Fwp%2Fv2%2Fmedia&parent=66900"}],"wp:term":[{"taxonomy":"category","embeddable":true,"href":"https:\/\/encuentroinformativo.com.mx\/index.php?rest_route=%2Fwp%2Fv2%2Fcategories&post=66900"},{"taxonomy":"post_tag","embeddable":true,"href":"https:\/\/encuentroinformativo.com.mx\/index.php?rest_route=%2Fwp%2Fv2%2Ftags&post=66900"}],"curies":[{"name":"wp","href":"https:\/\/api.w.org\/{rel}","templated":true}]}}