{"id":66911,"date":"2025-05-08T22:26:58","date_gmt":"2025-05-09T04:26:58","guid":{"rendered":"https:\/\/encuentroinformativo.com.mx\/?p=66911"},"modified":"2025-05-08T22:26:58","modified_gmt":"2025-05-09T04:26:58","slug":"preven-nueva-causal-para-perdida-de-patria-potestad","status":"publish","type":"post","link":"https:\/\/encuentroinformativo.com.mx\/?p=66911","title":{"rendered":"Prev\u00e9n nueva causal para p\u00e9rdida de patria potestad"},"content":{"rendered":"<p><strong>* El inter\u00e9s superior del ni\u00f1o debe prevalecer incluso por encima de los derechos de los progenitores, afirman diputadas y diputados.<\/strong><u><\/u><u><\/u><u><\/u><\/p>\n<p>Xalapa, Ver.- En Veracruz, la patria potestad se perder\u00eda por la inasistencia continua e injustificada del padre no custodio o madre no custodia a cinco visitas en los Centros de Convivencia Familiar, de acuerdo con la iniciativa presentada por diputadas y diputados de la LXVII Legislatura del estado.<u><\/u><u><\/u><\/p>\n<p>La diputada Roxana Barrag\u00e1n Hern\u00e1ndez hizo uso de la tribuna, durante la Cuarta Sesi\u00f3n Ordinaria del Segundo Periodo Ordinario, para dar a conocer este proyecto. Puso en claro que \u201ces una obligaci\u00f3n del padre o madre no custodio acudir a las visitas programadas, sin embargo, no todos acuden y cumplen con dicho mandato, por lo que al final es nula la resoluci\u00f3n del juzgador que, si bien prepondera el derecho del menor a la convivencia con sus padres, \u00e9sta no se cumple\u201d.<u><\/u><u><\/u><\/p>\n<p>En su exposici\u00f3n consider\u00f3 que el reiterado incumplimiento de las visitas supervisadas puede interpretarse jur\u00eddicamente como una forma de abandono emocional, lo que -a\u00f1adi\u00f3- constituye una grave afectaci\u00f3n al desarrollo psicoemocional y social del menor. \u201cDicho comportamiento resulta contrario al mandato constitucional e internacional de salvaguardar el inter\u00e9s superior del ni\u00f1o, principio que debe prevalecer incluso por encima de los derechos de los progenitores\u201d, afirm\u00f3 la legisladora.<u><\/u><u><\/u><\/p>\n<p>Al precisar tambi\u00e9n que el incumplimiento injustificado y reiterado de las visitas supervisadas vulnera el deber del progenitor de mantener una relaci\u00f3n afectiva y responsable con el menor, la diputada enfatiz\u00f3 que la medida propuesta representa un acto necesario para garantizar la protecci\u00f3n integral de los derechos del menor y su bienestar.<u><\/u><u><\/u><\/p>\n<p>La p\u00e9rdida de la patria potestad por las causas descritas en este proyecto, aclar\u00f3 su proponente, no debe ser vista como una sanci\u00f3n arbitraria, sino como una medida necesaria y proporcional para proteger el bienestar integral del ni\u00f1o.<u><\/u><u><\/u><\/p>\n<p>La Iniciativa con Proyecto de Decreto que adiciona la fracci\u00f3n VIII al Art\u00edculo 373 del C\u00f3digo Civil del estado fue turnada a las Comisiones Permanentes Unidas de Justicia y Puntos Constitucionales y de Derechos de la Ni\u00f1ez, la Adolescencia y la Familia. Se adhiri\u00f3 a la propuesta el Grupo Legislativo de Morena.<\/p>\n","protected":false},"excerpt":{"rendered":"<p>* El inter\u00e9s superior del ni\u00f1o debe prevalecer incluso por encima de los derechos de los progenitores, afirman diputadas y diputados. Xalapa, Ver.- En Veracruz, la patria potestad se perder\u00eda por la inasistencia continua e injustificada del padre no custodio o madre no custodia a cinco visitas en los Centros de Convivencia Familiar, de acuerdo [&hellip;]<\/p>\n","protected":false},"author":2476,"featured_media":66912,"comment_status":"open","ping_status":"open","sticky":false,"template":"","format":"standard","meta":{"_jetpack_memberships_contains_paid_content":false,"footnotes":""},"categories":[2],"tags":[],"class_list":["post-66911","post","type-post","status-publish","format-standard","has-post-thumbnail","hentry","category-estado"],"jetpack_featured_media_url":"https:\/\/encuentroinformativo.com.mx\/wp-content\/uploads\/2025\/05\/NOV08MAYO2025ROXANA22.jpeg","jetpack_sharing_enabled":true,"jetpack_likes_enabled":true,"amp_enabled":true,"_links":{"self":[{"href":"https:\/\/encuentroinformativo.com.mx\/index.php?rest_route=\/wp\/v2\/posts\/66911","targetHints":{"allow":["GET"]}}],"collection":[{"href":"https:\/\/encuentroinformativo.com.mx\/index.php?rest_route=\/wp\/v2\/posts"}],"about":[{"href":"https:\/\/encuentroinformativo.com.mx\/index.php?rest_route=\/wp\/v2\/types\/post"}],"author":[{"embeddable":true,"href":"https:\/\/encuentroinformativo.com.mx\/index.php?rest_route=\/wp\/v2\/users\/2476"}],"replies":[{"embeddable":true,"href":"https:\/\/encuentroinformativo.com.mx\/index.php?rest_route=%2Fwp%2Fv2%2Fcomments&post=66911"}],"version-history":[{"count":1,"href":"https:\/\/encuentroinformativo.com.mx\/index.php?rest_route=\/wp\/v2\/posts\/66911\/revisions"}],"predecessor-version":[{"id":66913,"href":"https:\/\/encuentroinformativo.com.mx\/index.php?rest_route=\/wp\/v2\/posts\/66911\/revisions\/66913"}],"wp:featuredmedia":[{"embeddable":true,"href":"https:\/\/encuentroinformativo.com.mx\/index.php?rest_route=\/wp\/v2\/media\/66912"}],"wp:attachment":[{"href":"https:\/\/encuentroinformativo.com.mx\/index.php?rest_route=%2Fwp%2Fv2%2Fmedia&parent=66911"}],"wp:term":[{"taxonomy":"category","embeddable":true,"href":"https:\/\/encuentroinformativo.com.mx\/index.php?rest_route=%2Fwp%2Fv2%2Fcategories&post=66911"},{"taxonomy":"post_tag","embeddable":true,"href":"https:\/\/encuentroinformativo.com.mx\/index.php?rest_route=%2Fwp%2Fv2%2Ftags&post=66911"}],"curies":[{"name":"wp","href":"https:\/\/api.w.org\/{rel}","templated":true}]}}