{"id":66917,"date":"2025-05-09T08:04:27","date_gmt":"2025-05-09T14:04:27","guid":{"rendered":"https:\/\/encuentroinformativo.com.mx\/?p=66917"},"modified":"2025-05-09T08:04:27","modified_gmt":"2025-05-09T14:04:27","slug":"pide-diputada-que-ayuntamientos-cumplan-con-gestion-integral-de-residuos-plasticos","status":"publish","type":"post","link":"https:\/\/encuentroinformativo.com.mx\/?p=66917","title":{"rendered":"Pide diputada que ayuntamientos cumplan con gesti\u00f3n integral de residuos pl\u00e1sticos"},"content":{"rendered":"<p><strong>* Autoridades municipales deben asumir su compromiso con el medio ambiente a trav\u00e9s de acciones concretas y coordinadas: Guadalupe V\u00e1zquez Gonz\u00e1lez.<\/strong><\/p>\n<p style=\"font-weight: 400;\">Xalapa, Ver.- La diputada Guadalupe V\u00e1zquez Gonz\u00e1lez hizo un llamado a las presidentas y presidentes municipales de los 212 Ayuntamientos de la entidad para que implementen acciones prioritarias en materia de gesti\u00f3n integral y reducci\u00f3n de residuos pl\u00e1sticos, con el objetivo de disminuir la contaminaci\u00f3n, proteger los ecosistemas locales y asegurar a la ciudadan\u00eda un entorno m\u00e1s limpio, sano y sustentable.<\/p>\n<p style=\"font-weight: 400;\">En el Anteproyecto de Punto de Acuerdo, presentado al Pleno de la LXVII Legislatura, la diputada propone que autoridades municipales desarrollen campa\u00f1as permanentes y efectivas de concientizaci\u00f3n ciudadana sobre la importancia de reducir, reutilizar y reciclar los residuos pl\u00e1sticos.<\/p>\n<p style=\"font-weight: 400;\">Adem\u00e1s, sobre la implementaci\u00f3n y consolidaci\u00f3n de sistemas municipales de recolecci\u00f3n diferenciada de residuos que garanticen la adecuada separaci\u00f3n, el aprovechamiento de materiales reciclables y una disposici\u00f3n final que minimice el impacto ambiental en los ecosistemas de la entidad.<\/p>\n<p style=\"font-weight: 400;\">En este sentido, se\u00f1al\u00f3 que, de acuerdo con datos del Instituto Nacional de Estad\u00edstica y Geograf\u00eda (Inegi), Veracruz genera aproximadamente 1 kilogramo diario de residuos s\u00f3lidos urbanos por habitante, sumando 7 mil 813 toneladas diarias.<\/p>\n<p style=\"font-weight: 400;\">Asimismo, la Secretar\u00eda de Medio Ambiente y Recursos Naturales (Semarnat) determin\u00f3 que 31.56 por ciento de los residuos generados en M\u00e9xico son susceptibles de reciclaje; sin embargo \u201cla mayor\u00eda de estos materiales termina en rellenos sanitarios o, peor a\u00fan, en basureros a cielo abierto y cuerpos de agua\u201d.<\/p>\n<p style=\"font-weight: 400;\">Expuso que la Ley General para la Prevenci\u00f3n y Gesti\u00f3n Integral de los Residuos y la Ley de Prevenci\u00f3n y Gesti\u00f3n Integral de Residuos S\u00f3lidos Urbanos y de Manejo Especial para el Estado de Veracruz dictan la obligaci\u00f3n de los municipios de implementar sistemas eficaces de separaci\u00f3n, reutilizaci\u00f3n, reciclaje y disposici\u00f3n final adecuada de residuos, as\u00ed como el fomento de dichas pr\u00e1cticas.<\/p>\n<p style=\"font-weight: 400;\">Agreg\u00f3 que el Objetivo 12 de la Agenda 2030 para el Desarrollo Sostenible, suscrita por M\u00e9xico, establece garantizar modalidades de consumo y producci\u00f3n sostenibles, con metas espec\u00edficas sobre la reducci\u00f3n de la generaci\u00f3n de desechos y el manejo ambientalmente racional de los productos qu\u00edmicos y de todos los desechos a lo largo de su ciclo de vida.<\/p>\n<p style=\"font-weight: 400;\">\u201cEl D\u00eda Internacional de la Tierra, que se conmemor\u00f3 el pasado 22 de abril, representa una oportunidad valiosa para que los municipios veracruzanos refuercen y visibilicen su compromiso con el medio ambiente, a trav\u00e9s de acciones concretas y coordinadas\u201d, concluy\u00f3.<\/p>\n<p style=\"font-weight: 400;\">\n","protected":false},"excerpt":{"rendered":"<p>* Autoridades municipales deben asumir su compromiso con el medio ambiente a trav\u00e9s de acciones concretas y coordinadas: Guadalupe V\u00e1zquez Gonz\u00e1lez. Xalapa, Ver.- La diputada Guadalupe V\u00e1zquez Gonz\u00e1lez hizo un llamado a las presidentas y presidentes municipales de los 212 Ayuntamientos de la entidad para que implementen acciones prioritarias en materia de gesti\u00f3n integral y [&hellip;]<\/p>\n","protected":false},"author":2476,"featured_media":66918,"comment_status":"open","ping_status":"open","sticky":false,"template":"","format":"standard","meta":{"_jetpack_memberships_contains_paid_content":false,"footnotes":""},"categories":[2],"tags":[],"class_list":["post-66917","post","type-post","status-publish","format-standard","has-post-thumbnail","hentry","category-estado"],"jetpack_featured_media_url":"https:\/\/encuentroinformativo.com.mx\/wp-content\/uploads\/2025\/05\/NOV08MAYO2025GUADALUPE1.jpeg","jetpack_sharing_enabled":true,"jetpack_likes_enabled":true,"amp_enabled":true,"_links":{"self":[{"href":"https:\/\/encuentroinformativo.com.mx\/index.php?rest_route=\/wp\/v2\/posts\/66917","targetHints":{"allow":["GET"]}}],"collection":[{"href":"https:\/\/encuentroinformativo.com.mx\/index.php?rest_route=\/wp\/v2\/posts"}],"about":[{"href":"https:\/\/encuentroinformativo.com.mx\/index.php?rest_route=\/wp\/v2\/types\/post"}],"author":[{"embeddable":true,"href":"https:\/\/encuentroinformativo.com.mx\/index.php?rest_route=\/wp\/v2\/users\/2476"}],"replies":[{"embeddable":true,"href":"https:\/\/encuentroinformativo.com.mx\/index.php?rest_route=%2Fwp%2Fv2%2Fcomments&post=66917"}],"version-history":[{"count":1,"href":"https:\/\/encuentroinformativo.com.mx\/index.php?rest_route=\/wp\/v2\/posts\/66917\/revisions"}],"predecessor-version":[{"id":66919,"href":"https:\/\/encuentroinformativo.com.mx\/index.php?rest_route=\/wp\/v2\/posts\/66917\/revisions\/66919"}],"wp:featuredmedia":[{"embeddable":true,"href":"https:\/\/encuentroinformativo.com.mx\/index.php?rest_route=\/wp\/v2\/media\/66918"}],"wp:attachment":[{"href":"https:\/\/encuentroinformativo.com.mx\/index.php?rest_route=%2Fwp%2Fv2%2Fmedia&parent=66917"}],"wp:term":[{"taxonomy":"category","embeddable":true,"href":"https:\/\/encuentroinformativo.com.mx\/index.php?rest_route=%2Fwp%2Fv2%2Fcategories&post=66917"},{"taxonomy":"post_tag","embeddable":true,"href":"https:\/\/encuentroinformativo.com.mx\/index.php?rest_route=%2Fwp%2Fv2%2Ftags&post=66917"}],"curies":[{"name":"wp","href":"https:\/\/api.w.org\/{rel}","templated":true}]}}