{"id":66949,"date":"2025-05-09T14:17:17","date_gmt":"2025-05-09T20:17:17","guid":{"rendered":"https:\/\/encuentroinformativo.com.mx\/?p=66949"},"modified":"2025-05-09T14:17:17","modified_gmt":"2025-05-09T20:17:17","slug":"guarderias-publicas-no-son-un-lujo-son-una-necesidad-memo-herrada","status":"publish","type":"post","link":"https:\/\/encuentroinformativo.com.mx\/?p=66949","title":{"rendered":"Guarder\u00edas P\u00fablicas no son un lujo, son una necesidad: Memo Herrada"},"content":{"rendered":"<p><strong>Alejandro \u00c1vila<\/strong><\/p>\n<p>Medell\u00edn de Bravo, Ver.- Con la finalidad de ofrecer apoyo y seguridad a todas aquellas madres que necesitan trabajar y, al mismo tiempo, desean que sus hijos est\u00e9n en lugares seguros y dignos, el candidato a la alcald\u00eda de Medell\u00edn por el partido Movimiento Ciudadano, Guillermo Herrada Jim\u00e9nez, realiz\u00f3 la propuesta de la instalaci\u00f3n de guarder\u00edas p\u00fablicas.<\/p>\n<p>Teniendo conocimiento del alto porcentaje de mujeres jefas de familia, el abanderado naranja, quiere abonar a la tranquilidad de estas mujeres.<\/p>\n<p>\u201cLas madres trabajadoras son el pilar de nuestras familias y, por ende, de nuestra sociedad. Es nuestra responsabilidad garantizar que sus hijos est\u00e9n bien cuidados mientras ellas contribuyen al desarrollo econ\u00f3mico y social de Medell\u00edn.\u201d<\/p>\n<p>La propuesta de Herrada no solo plantea la creaci\u00f3n de guarder\u00edas, sino que tambi\u00e9n contempla la capacitaci\u00f3n de personal especializado y la implementaci\u00f3n de programas de desarrollo infantil, asegurando que los ni\u00f1os reciban atenci\u00f3n de calidad y un ambiente estimulante.<\/p>\n<p>Durante su recorrido casa por casa, de la colonia L\u00e1zaro C\u00e1rdenas, el Cruzero, las Margaritas y las Balsas, el abanderado naranja, subray\u00f3, que este programa est\u00e1 enfocado en la inclusi\u00f3n y la accesibilidad. \u201cQueremos que todas las madres, sin importar su situaci\u00f3n econ\u00f3mica, tengan la posibilidad de acceder a estos servicios. Las guarder\u00edas p\u00fablicas ser\u00e1n un refugio seguro, donde los ni\u00f1os no solo ser\u00e1n cuidados, sino tambi\u00e9n educados y estimulados en su desarrollo\u201d, afirm\u00f3.<\/p>\n<p>Con la instalaci\u00f3n de estas guarder\u00edas, Memo Herrada busca tambi\u00e9n reducir el estr\u00e9s que enfrentan las madres trabajadoras, permiti\u00e9ndoles desempe\u00f1ar su labor con tranquilidad, sabiendo que sus hijos est\u00e1n siendo atendidos en un entorno seguro y respetuoso.<\/p>\n<p>El impacto positivo de esta medida se podr\u00eda ver reflejado en la mejora de la calidad de vida de muchas familias en Medell\u00edn. Bajo el lema \u201csiempre para ustedes y con ustedes\u201d, Guillermo Herrada Jim\u00e9nez se compromete a trabajar de la mano con la comunidad y expertos en educaci\u00f3n para hacer de esta propuesta una realidad.<\/p>\n<p>Con esta propuesta, Memo Herrada Jim\u00e9nez busca ser un aliado de las madres de familia y un promotor del bienestar infantil en Medell\u00edn. \u00a1Juntos haremos de esta ciudad un lugar m\u00e1s seguro y justo para todos!<\/p>\n","protected":false},"excerpt":{"rendered":"<p>Alejandro \u00c1vila Medell\u00edn de Bravo, Ver.- Con la finalidad de ofrecer apoyo y seguridad a todas aquellas madres que necesitan trabajar y, al mismo tiempo, desean que sus hijos est\u00e9n en lugares seguros y dignos, el candidato a la alcald\u00eda de Medell\u00edn por el partido Movimiento Ciudadano, Guillermo Herrada Jim\u00e9nez, realiz\u00f3 la propuesta de la [&hellip;]<\/p>\n","protected":false},"author":2476,"featured_media":66950,"comment_status":"open","ping_status":"open","sticky":false,"template":"","format":"standard","meta":{"_jetpack_memberships_contains_paid_content":false,"footnotes":""},"categories":[2],"tags":[],"class_list":["post-66949","post","type-post","status-publish","format-standard","has-post-thumbnail","hentry","category-estado"],"jetpack_featured_media_url":"https:\/\/encuentroinformativo.com.mx\/wp-content\/uploads\/2025\/05\/IMG-20250505-WA02911.jpg","jetpack_sharing_enabled":true,"jetpack_likes_enabled":true,"amp_enabled":true,"_links":{"self":[{"href":"https:\/\/encuentroinformativo.com.mx\/index.php?rest_route=\/wp\/v2\/posts\/66949","targetHints":{"allow":["GET"]}}],"collection":[{"href":"https:\/\/encuentroinformativo.com.mx\/index.php?rest_route=\/wp\/v2\/posts"}],"about":[{"href":"https:\/\/encuentroinformativo.com.mx\/index.php?rest_route=\/wp\/v2\/types\/post"}],"author":[{"embeddable":true,"href":"https:\/\/encuentroinformativo.com.mx\/index.php?rest_route=\/wp\/v2\/users\/2476"}],"replies":[{"embeddable":true,"href":"https:\/\/encuentroinformativo.com.mx\/index.php?rest_route=%2Fwp%2Fv2%2Fcomments&post=66949"}],"version-history":[{"count":1,"href":"https:\/\/encuentroinformativo.com.mx\/index.php?rest_route=\/wp\/v2\/posts\/66949\/revisions"}],"predecessor-version":[{"id":66951,"href":"https:\/\/encuentroinformativo.com.mx\/index.php?rest_route=\/wp\/v2\/posts\/66949\/revisions\/66951"}],"wp:featuredmedia":[{"embeddable":true,"href":"https:\/\/encuentroinformativo.com.mx\/index.php?rest_route=\/wp\/v2\/media\/66950"}],"wp:attachment":[{"href":"https:\/\/encuentroinformativo.com.mx\/index.php?rest_route=%2Fwp%2Fv2%2Fmedia&parent=66949"}],"wp:term":[{"taxonomy":"category","embeddable":true,"href":"https:\/\/encuentroinformativo.com.mx\/index.php?rest_route=%2Fwp%2Fv2%2Fcategories&post=66949"},{"taxonomy":"post_tag","embeddable":true,"href":"https:\/\/encuentroinformativo.com.mx\/index.php?rest_route=%2Fwp%2Fv2%2Ftags&post=66949"}],"curies":[{"name":"wp","href":"https:\/\/api.w.org\/{rel}","templated":true}]}}