{"id":6699,"date":"2020-10-08T16:09:56","date_gmt":"2020-10-08T21:09:56","guid":{"rendered":"https:\/\/encuentroinformativo.com.mx\/?p=6699"},"modified":"2020-10-08T16:09:58","modified_gmt":"2020-10-08T21:09:58","slug":"familiares-claman-ayuda-para-localizar-a-jovenes-desaparecidos-en-soledad","status":"publish","type":"post","link":"https:\/\/encuentroinformativo.com.mx\/?p=6699","title":{"rendered":"Familiares claman ayuda para localizar a j\u00f3venes desaparecidos en Soledad"},"content":{"rendered":"\n<p><strong>Alejandro \u00c1vila<\/strong><\/p>\n\n\n\n<p>Veracruz, Ver.- A conocido caf\u00e9 de Veracruz Puerto, llegaron dos madres de familia desesperadas, angustiadas y con el semblante destrozado, luego de que desde el pasado dos de octubre no conocen del paradero de sus hijos.<\/p>\n\n\n\n<p>\u201cMi coraz\u00f3n se destroz\u00f3 por completo, yo quiero a mi hijo de regreso, les pido encarecidamente que nos apoyen, por favor, son muchachos nuevos y apenas est\u00e1n empezando la vida\u201d, dijo entre l\u00e1grimas Rosa Mar\u00eda Montero Viveros, madre de Ad\u00e1n Giovanny Montero, quien desapareci\u00f3 junto con su amigo Javier Garc\u00eda Cruz.<\/p>\n\n\n\n<p>Los jovenes de 22 y 29 a\u00f1os, respectivamente, salieron de su hogar el viernes 2 de octubre, poco antes de las 8 de la noche, para acudir a una reuni\u00f3n a la cual, nunca habr\u00edan llegado.<\/p>\n\n\n\n<p>El martes 6 de octubre, la motocicleta que utilizaron para transportarse fue encontrada cerca de una localida perteneciente al municipio de Soledad de Doblado, de donde son originarios los muchachos.<\/p>\n\n\n\n<p>Esta fue reconocida y recogida por la familia de los jovenes, quienes ya hab\u00eda iniciado su b\u00fasqueda desde el s\u00e1bado 3 de octubre.<\/p>\n\n\n\n<p>\u201cEllos salieron a un convivio y no vemos que las autoridades los est\u00e9n buscando, mi hijo venia en su moto, su moto apareci\u00f3 el d\u00eda martes en un lugar en las comunidades, fuimos nosotros porque nos avisaron la gente que hab\u00eda una moto, levantaron la moto, pero es todo, no me dijeron m\u00e1s, no se ve que haya movimiento, no se ve que haya b\u00fasqueda\u201d, declar\u00f3.<\/p>\n\n\n\n<p>Desde el d\u00eda en que Ad\u00e1n y Javier no respondieron sus tel\u00e9fonos fueron reportados como desaparecidos, la Fiscal\u00eda Especializada en Desaparecidos emiti\u00f3 una ficha de b\u00fasqueda con sus caracter\u00edsticas f\u00edsicas y datos personales, sin embargo, es lo \u00fanico que saben los familiares.<\/p>\n\n\n\n<p>Desencajadas, ambas madres solicitaron el apoyo de la Fiscal\u00eda General del Estado y del Gobierno de Veracruz para dar celeridad a las investigaciones, pues hasta el momento no han recibido informaci\u00f3n de nada.<\/p>\n","protected":false},"excerpt":{"rendered":"<p>Alejandro \u00c1vila Veracruz, Ver.- A conocido caf\u00e9 de Veracruz Puerto, llegaron dos madres de familia desesperadas, angustiadas y con el semblante destrozado, luego de que desde el pasado dos de octubre no conocen del paradero de sus hijos. \u201cMi coraz\u00f3n se destroz\u00f3 por completo, yo quiero a mi hijo de regreso, les pido encarecidamente que [&hellip;]<\/p>\n","protected":false},"author":1,"featured_media":6700,"comment_status":"open","ping_status":"open","sticky":false,"template":"","format":"standard","meta":{"_jetpack_memberships_contains_paid_content":false,"footnotes":""},"categories":[2],"tags":[],"class_list":["post-6699","post","type-post","status-publish","format-standard","has-post-thumbnail","hentry","category-estado"],"jetpack_featured_media_url":"https:\/\/encuentroinformativo.com.mx\/wp-content\/uploads\/2020\/10\/77732F76-8D36-42DC-B3B4-E9FF54F7F945.jpeg","jetpack_sharing_enabled":true,"jetpack_likes_enabled":true,"amp_enabled":true,"_links":{"self":[{"href":"https:\/\/encuentroinformativo.com.mx\/index.php?rest_route=\/wp\/v2\/posts\/6699","targetHints":{"allow":["GET"]}}],"collection":[{"href":"https:\/\/encuentroinformativo.com.mx\/index.php?rest_route=\/wp\/v2\/posts"}],"about":[{"href":"https:\/\/encuentroinformativo.com.mx\/index.php?rest_route=\/wp\/v2\/types\/post"}],"author":[{"embeddable":true,"href":"https:\/\/encuentroinformativo.com.mx\/index.php?rest_route=\/wp\/v2\/users\/1"}],"replies":[{"embeddable":true,"href":"https:\/\/encuentroinformativo.com.mx\/index.php?rest_route=%2Fwp%2Fv2%2Fcomments&post=6699"}],"version-history":[{"count":1,"href":"https:\/\/encuentroinformativo.com.mx\/index.php?rest_route=\/wp\/v2\/posts\/6699\/revisions"}],"predecessor-version":[{"id":6701,"href":"https:\/\/encuentroinformativo.com.mx\/index.php?rest_route=\/wp\/v2\/posts\/6699\/revisions\/6701"}],"wp:featuredmedia":[{"embeddable":true,"href":"https:\/\/encuentroinformativo.com.mx\/index.php?rest_route=\/wp\/v2\/media\/6700"}],"wp:attachment":[{"href":"https:\/\/encuentroinformativo.com.mx\/index.php?rest_route=%2Fwp%2Fv2%2Fmedia&parent=6699"}],"wp:term":[{"taxonomy":"category","embeddable":true,"href":"https:\/\/encuentroinformativo.com.mx\/index.php?rest_route=%2Fwp%2Fv2%2Fcategories&post=6699"},{"taxonomy":"post_tag","embeddable":true,"href":"https:\/\/encuentroinformativo.com.mx\/index.php?rest_route=%2Fwp%2Fv2%2Ftags&post=6699"}],"curies":[{"name":"wp","href":"https:\/\/api.w.org\/{rel}","templated":true}]}}