{"id":67014,"date":"2025-05-11T23:01:23","date_gmt":"2025-05-12T05:01:23","guid":{"rendered":"https:\/\/encuentroinformativo.com.mx\/?p=67014"},"modified":"2025-05-11T23:01:23","modified_gmt":"2025-05-12T05:01:23","slug":"asesinan-a-yesenia-lara-candidata-de-morena-a-la-alcaldia-de-texistepec","status":"publish","type":"post","link":"https:\/\/encuentroinformativo.com.mx\/?p=67014","title":{"rendered":"Asesinan a Yesenia Lara, candidata de Morena a la alcald\u00eda de Texistepec"},"content":{"rendered":"<p><strong>Redacci\u00f3n<\/strong><\/p>\n<p>Texistepec, Ver.- La noche de este domingo fue asesinada Yesenia Lara Guti\u00e9rrez, candidata de Morena a la presidencia municipal de Texistepec, al t\u00e9rmino de una caminata para promover el voto. De acuerdo con los primeros reportes, al menos siete personas m\u00e1s resultaron lesionadas durante el ataque.<\/p>\n<p>El atentado ocurri\u00f3 mientras la candidata saludaba a simpatizantes en la comunidad de Almagres. Hombres armados abrieron fuego contra el grupo, provocando escenas de p\u00e1nico entre los asistentes.<\/p>\n<p>El clima de terror se ha intensificado en Texistepec en los \u00faltimos d\u00edas, sin que la Secretar\u00eda de Seguridad P\u00fablica del estado logre frenar la violencia. Habitantes denuncian que los patrullajes son insuficientes y que las amenazas contra actores pol\u00edticos y ciudadanos han ido en aumento conforme se acercan las elecciones del 1 de junio.<\/p>\n<p>En redes sociales, simpatizantes exigieron al gobierno estatal garantizar condiciones de seguridad para el proceso electoral en la regi\u00f3n sur del estado.<\/p>\n<p>Autoridades ministeriales se trasladaron al lugar de los hechos para iniciar las investigaciones correspondientes.<\/p>\n<p><img loading=\"lazy\" decoding=\"async\" class=\"alignnone size-medium wp-image-67016\" src=\"https:\/\/encuentroinformativo.com.mx\/wp-content\/uploads\/2025\/05\/IMG-20250511-WA02562-300x233.jpg\" alt=\"\" width=\"300\" height=\"233\" srcset=\"https:\/\/encuentroinformativo.com.mx\/wp-content\/uploads\/2025\/05\/IMG-20250511-WA02562-300x233.jpg 300w, https:\/\/encuentroinformativo.com.mx\/wp-content\/uploads\/2025\/05\/IMG-20250511-WA02562-1024x794.jpg 1024w, https:\/\/encuentroinformativo.com.mx\/wp-content\/uploads\/2025\/05\/IMG-20250511-WA02562-768x595.jpg 768w, https:\/\/encuentroinformativo.com.mx\/wp-content\/uploads\/2025\/05\/IMG-20250511-WA02562.jpg 1170w\" sizes=\"auto, (max-width: 300px) 100vw, 300px\" \/><\/p>\n","protected":false},"excerpt":{"rendered":"<p>Redacci\u00f3n Texistepec, Ver.- La noche de este domingo fue asesinada Yesenia Lara Guti\u00e9rrez, candidata de Morena a la presidencia municipal de Texistepec, al t\u00e9rmino de una caminata para promover el voto. De acuerdo con los primeros reportes, al menos siete personas m\u00e1s resultaron lesionadas durante el ataque. El atentado ocurri\u00f3 mientras la candidata saludaba a [&hellip;]<\/p>\n","protected":false},"author":2476,"featured_media":67015,"comment_status":"open","ping_status":"open","sticky":false,"template":"","format":"standard","meta":{"_jetpack_memberships_contains_paid_content":false,"footnotes":""},"categories":[2],"tags":[],"class_list":["post-67014","post","type-post","status-publish","format-standard","has-post-thumbnail","hentry","category-estado"],"jetpack_featured_media_url":"https:\/\/encuentroinformativo.com.mx\/wp-content\/uploads\/2025\/05\/IMG-20250511-WA02572.jpg","jetpack_sharing_enabled":true,"jetpack_likes_enabled":true,"amp_enabled":true,"_links":{"self":[{"href":"https:\/\/encuentroinformativo.com.mx\/index.php?rest_route=\/wp\/v2\/posts\/67014","targetHints":{"allow":["GET"]}}],"collection":[{"href":"https:\/\/encuentroinformativo.com.mx\/index.php?rest_route=\/wp\/v2\/posts"}],"about":[{"href":"https:\/\/encuentroinformativo.com.mx\/index.php?rest_route=\/wp\/v2\/types\/post"}],"author":[{"embeddable":true,"href":"https:\/\/encuentroinformativo.com.mx\/index.php?rest_route=\/wp\/v2\/users\/2476"}],"replies":[{"embeddable":true,"href":"https:\/\/encuentroinformativo.com.mx\/index.php?rest_route=%2Fwp%2Fv2%2Fcomments&post=67014"}],"version-history":[{"count":1,"href":"https:\/\/encuentroinformativo.com.mx\/index.php?rest_route=\/wp\/v2\/posts\/67014\/revisions"}],"predecessor-version":[{"id":67017,"href":"https:\/\/encuentroinformativo.com.mx\/index.php?rest_route=\/wp\/v2\/posts\/67014\/revisions\/67017"}],"wp:featuredmedia":[{"embeddable":true,"href":"https:\/\/encuentroinformativo.com.mx\/index.php?rest_route=\/wp\/v2\/media\/67015"}],"wp:attachment":[{"href":"https:\/\/encuentroinformativo.com.mx\/index.php?rest_route=%2Fwp%2Fv2%2Fmedia&parent=67014"}],"wp:term":[{"taxonomy":"category","embeddable":true,"href":"https:\/\/encuentroinformativo.com.mx\/index.php?rest_route=%2Fwp%2Fv2%2Fcategories&post=67014"},{"taxonomy":"post_tag","embeddable":true,"href":"https:\/\/encuentroinformativo.com.mx\/index.php?rest_route=%2Fwp%2Fv2%2Ftags&post=67014"}],"curies":[{"name":"wp","href":"https:\/\/api.w.org\/{rel}","templated":true}]}}