{"id":67018,"date":"2025-05-12T09:00:58","date_gmt":"2025-05-12T15:00:58","guid":{"rendered":"https:\/\/encuentroinformativo.com.mx\/?p=67018"},"modified":"2025-05-12T09:00:58","modified_gmt":"2025-05-12T15:00:58","slug":"vamos-a-dar-con-los-responsables-rocio-nahle","status":"publish","type":"post","link":"https:\/\/encuentroinformativo.com.mx\/?p=67018","title":{"rendered":"Vamos a dar con los responsables: Roc\u00edo Nahle"},"content":{"rendered":"<p><strong>* Tras el asesinato de la candidata de Morena en Texistepec, la mandataria conden\u00f3 los hechos.\u00a0<\/strong><\/p>\n<p>Texistepec, Ver.- La gobernadora de Veracruz, Roc\u00edo Nahle, conden\u00f3 el asesinato de Yesenia Lara Guti\u00e9rrez, candidata de Morena a la presidencia municipal de Texistepec, ocurrido la noche de este s\u00e1bado durante un acto proselitista. A trav\u00e9s de su cuenta en X (antes Twitter), la mandataria afirm\u00f3:<\/p>\n<p>\u201cNing\u00fan cargo o puesto vale la vida de una persona. Vamos a dar con los responsables de este cobarde asesinato a la candidata y simpatizantes de Morena en Texistepec; 4 personas fallecidas y 3 heridos. He instruido a la @FGE_Veracruz y a seguridad no parar hasta encontrarlos.\u201d<\/p>\n<p>El ataque armado ocurri\u00f3 en la comunidad de Almagres, al finalizar una caminata para promover el voto. Hombres armados dispararon contra el grupo que acompa\u00f1aba a la candidata, dejando un saldo de cuatro personas muertas \u2014entre ellas, Yesenia Lara\u2014 y tres m\u00e1s heridas.<\/p>\n<p>La tragedia ocurre en un contexto de creciente violencia en la regi\u00f3n sur del estado, donde desde hace varios d\u00edas se reportan amenazas, ataques y un ambiente de inseguridad que ha encendido las alertas entre habitantes y actores pol\u00edticos. En Texistepec, el terror se ha apoderado de las calles sin que la Secretar\u00eda de Seguridad P\u00fablica haya logrado contener la violencia.<\/p>\n<p><img loading=\"lazy\" decoding=\"async\" class=\"alignnone size-medium wp-image-67019\" src=\"https:\/\/encuentroinformativo.com.mx\/wp-content\/uploads\/2025\/05\/Screenshot_20250512-084254-300x244.png\" alt=\"\" width=\"300\" height=\"244\" srcset=\"https:\/\/encuentroinformativo.com.mx\/wp-content\/uploads\/2025\/05\/Screenshot_20250512-084254-300x244.png 300w, https:\/\/encuentroinformativo.com.mx\/wp-content\/uploads\/2025\/05\/Screenshot_20250512-084254-1024x833.png 1024w, https:\/\/encuentroinformativo.com.mx\/wp-content\/uploads\/2025\/05\/Screenshot_20250512-084254-768x625.png 768w, https:\/\/encuentroinformativo.com.mx\/wp-content\/uploads\/2025\/05\/Screenshot_20250512-084254.png 1056w\" sizes=\"auto, (max-width: 300px) 100vw, 300px\" \/><\/p>\n","protected":false},"excerpt":{"rendered":"<p>* Tras el asesinato de la candidata de Morena en Texistepec, la mandataria conden\u00f3 los hechos.\u00a0 Texistepec, Ver.- La gobernadora de Veracruz, Roc\u00edo Nahle, conden\u00f3 el asesinato de Yesenia Lara Guti\u00e9rrez, candidata de Morena a la presidencia municipal de Texistepec, ocurrido la noche de este s\u00e1bado durante un acto proselitista. A trav\u00e9s de su cuenta [&hellip;]<\/p>\n","protected":false},"author":2476,"featured_media":67019,"comment_status":"open","ping_status":"open","sticky":false,"template":"","format":"standard","meta":{"_jetpack_memberships_contains_paid_content":false,"footnotes":""},"categories":[2],"tags":[],"class_list":["post-67018","post","type-post","status-publish","format-standard","has-post-thumbnail","hentry","category-estado"],"jetpack_featured_media_url":"https:\/\/encuentroinformativo.com.mx\/wp-content\/uploads\/2025\/05\/Screenshot_20250512-084254.png","jetpack_sharing_enabled":true,"jetpack_likes_enabled":true,"amp_enabled":true,"_links":{"self":[{"href":"https:\/\/encuentroinformativo.com.mx\/index.php?rest_route=\/wp\/v2\/posts\/67018","targetHints":{"allow":["GET"]}}],"collection":[{"href":"https:\/\/encuentroinformativo.com.mx\/index.php?rest_route=\/wp\/v2\/posts"}],"about":[{"href":"https:\/\/encuentroinformativo.com.mx\/index.php?rest_route=\/wp\/v2\/types\/post"}],"author":[{"embeddable":true,"href":"https:\/\/encuentroinformativo.com.mx\/index.php?rest_route=\/wp\/v2\/users\/2476"}],"replies":[{"embeddable":true,"href":"https:\/\/encuentroinformativo.com.mx\/index.php?rest_route=%2Fwp%2Fv2%2Fcomments&post=67018"}],"version-history":[{"count":2,"href":"https:\/\/encuentroinformativo.com.mx\/index.php?rest_route=\/wp\/v2\/posts\/67018\/revisions"}],"predecessor-version":[{"id":67021,"href":"https:\/\/encuentroinformativo.com.mx\/index.php?rest_route=\/wp\/v2\/posts\/67018\/revisions\/67021"}],"wp:featuredmedia":[{"embeddable":true,"href":"https:\/\/encuentroinformativo.com.mx\/index.php?rest_route=\/wp\/v2\/media\/67019"}],"wp:attachment":[{"href":"https:\/\/encuentroinformativo.com.mx\/index.php?rest_route=%2Fwp%2Fv2%2Fmedia&parent=67018"}],"wp:term":[{"taxonomy":"category","embeddable":true,"href":"https:\/\/encuentroinformativo.com.mx\/index.php?rest_route=%2Fwp%2Fv2%2Fcategories&post=67018"},{"taxonomy":"post_tag","embeddable":true,"href":"https:\/\/encuentroinformativo.com.mx\/index.php?rest_route=%2Fwp%2Fv2%2Ftags&post=67018"}],"curies":[{"name":"wp","href":"https:\/\/api.w.org\/{rel}","templated":true}]}}