{"id":67028,"date":"2025-05-12T11:31:22","date_gmt":"2025-05-12T17:31:22","guid":{"rendered":"https:\/\/encuentroinformativo.com.mx\/?p=67028"},"modified":"2025-05-12T11:31:22","modified_gmt":"2025-05-12T17:31:22","slug":"se-le-escapa-disparo-a-policia-ministerial-durante-diligencias-en-texistepec","status":"publish","type":"post","link":"https:\/\/encuentroinformativo.com.mx\/?p=67028","title":{"rendered":"Se le escapa disparo a Polic\u00eda Ministerial durante diligencias en Texistepec\u00a0"},"content":{"rendered":"<p><strong>Jos\u00e9 Vargas<\/strong><\/p>\n<p>Texistepec, Ver.- Durante la cobertura del ataque armado ocurrido la noche del domingo en Texistepec, en el que perdieron la vida cuatro personas entre ellas la candidata de Morena, Yesenia Lara Guti\u00e9rrez y tres m\u00e1s resultaron heridas, se registr\u00f3 un nuevo incidente que gener\u00f3 molestia y preocupaci\u00f3n entre los habitantes.<\/p>\n<p>Mientras se llevaban a cabo las diligencias por parte de peritos y autoridades ministeriales en la escena del crimen, un polic\u00eda ministerial accion\u00f3 su arma de fuego de manera accidental, disparando hacia el piso. El momento fue captado en video por testigos que documentaban el levantamiento de los cuerpos.<\/p>\n<p>El estruendo del disparo provoc\u00f3 alarma entre los presentes. Pobladores se acercaron de inmediato para exigir a elementos de la Guardia Nacional y de la Secretar\u00eda de la Defensa Nacional (SEDENA) que revisaran la situaci\u00f3n. \u201c\u00a1Vayan a ver! \u00bfTienen miedo o qu\u00e9?\u201d, se escuch\u00f3 decir a uno de los ciudadanos, visiblemente indignado por el manejo de la escena.<\/p>\n<p>Seg\u00fan versiones de los propios habitantes, el agente ministerial al que se le escap\u00f3 el disparo presuntamente se encontraba en estado de ebriedad. Tras el incidente, sus compa\u00f1eros recogieron r\u00e1pidamente el casquillo percutido, sin embargo, en el lugar qued\u00f3 visible un orificio en el pavimento como prueba del hecho.<\/p>\n<p>Este nuevo incidente se suma a la tensi\u00f3n que ya se vive en Texistepec, un municipio que hoy se encuentra de luto. Familiares de las v\u00edctimas y ciudadanos exigen justicia y respuestas ante el crimen m\u00faltiple, as\u00ed como transparencia y responsabilidad en la actuaci\u00f3n de las autoridades.<\/p>\n<p>La Fiscal\u00eda General del Estado no ha emitido hasta el momento una postura oficial sobre este nuevo acontecimiento ocurrido durante las investigaciones del caso.<\/p>\n","protected":false},"excerpt":{"rendered":"<p>Jos\u00e9 Vargas Texistepec, Ver.- Durante la cobertura del ataque armado ocurrido la noche del domingo en Texistepec, en el que perdieron la vida cuatro personas entre ellas la candidata de Morena, Yesenia Lara Guti\u00e9rrez y tres m\u00e1s resultaron heridas, se registr\u00f3 un nuevo incidente que gener\u00f3 molestia y preocupaci\u00f3n entre los habitantes. Mientras se llevaban [&hellip;]<\/p>\n","protected":false},"author":2476,"featured_media":67029,"comment_status":"open","ping_status":"open","sticky":false,"template":"","format":"standard","meta":{"_jetpack_memberships_contains_paid_content":false,"footnotes":""},"categories":[2],"tags":[],"class_list":["post-67028","post","type-post","status-publish","format-standard","has-post-thumbnail","hentry","category-estado"],"jetpack_featured_media_url":"https:\/\/encuentroinformativo.com.mx\/wp-content\/uploads\/2025\/05\/IMG-20250512-WA0025-scaled.jpg","jetpack_sharing_enabled":true,"jetpack_likes_enabled":true,"amp_enabled":true,"_links":{"self":[{"href":"https:\/\/encuentroinformativo.com.mx\/index.php?rest_route=\/wp\/v2\/posts\/67028","targetHints":{"allow":["GET"]}}],"collection":[{"href":"https:\/\/encuentroinformativo.com.mx\/index.php?rest_route=\/wp\/v2\/posts"}],"about":[{"href":"https:\/\/encuentroinformativo.com.mx\/index.php?rest_route=\/wp\/v2\/types\/post"}],"author":[{"embeddable":true,"href":"https:\/\/encuentroinformativo.com.mx\/index.php?rest_route=\/wp\/v2\/users\/2476"}],"replies":[{"embeddable":true,"href":"https:\/\/encuentroinformativo.com.mx\/index.php?rest_route=%2Fwp%2Fv2%2Fcomments&post=67028"}],"version-history":[{"count":1,"href":"https:\/\/encuentroinformativo.com.mx\/index.php?rest_route=\/wp\/v2\/posts\/67028\/revisions"}],"predecessor-version":[{"id":67030,"href":"https:\/\/encuentroinformativo.com.mx\/index.php?rest_route=\/wp\/v2\/posts\/67028\/revisions\/67030"}],"wp:featuredmedia":[{"embeddable":true,"href":"https:\/\/encuentroinformativo.com.mx\/index.php?rest_route=\/wp\/v2\/media\/67029"}],"wp:attachment":[{"href":"https:\/\/encuentroinformativo.com.mx\/index.php?rest_route=%2Fwp%2Fv2%2Fmedia&parent=67028"}],"wp:term":[{"taxonomy":"category","embeddable":true,"href":"https:\/\/encuentroinformativo.com.mx\/index.php?rest_route=%2Fwp%2Fv2%2Fcategories&post=67028"},{"taxonomy":"post_tag","embeddable":true,"href":"https:\/\/encuentroinformativo.com.mx\/index.php?rest_route=%2Fwp%2Fv2%2Ftags&post=67028"}],"curies":[{"name":"wp","href":"https:\/\/api.w.org\/{rel}","templated":true}]}}