{"id":67032,"date":"2025-05-12T11:49:18","date_gmt":"2025-05-12T17:49:18","guid":{"rendered":"https:\/\/encuentroinformativo.com.mx\/?p=67032"},"modified":"2025-05-12T11:49:18","modified_gmt":"2025-05-12T17:49:18","slug":"instruye-claudia-sheinbaum-atender-caso-de-candidata-asesinada-en-veracruz","status":"publish","type":"post","link":"https:\/\/encuentroinformativo.com.mx\/?p=67032","title":{"rendered":"Instruye Claudia Sheinbaum atender caso de candidata asesinada en Veracruz\u00a0"},"content":{"rendered":"<p><strong>Jos\u00e9 Vargas<\/strong><\/p>\n<p>Ciudad de M\u00e9xico \/ Texistepec, Ver.- La presidenta de M\u00e9xico, Claudia Sheinbaum, confirm\u00f3 este lunes que ha instruido al secretario de Seguridad y Protecci\u00f3n Ciudadana, Omar Garc\u00eda Harfuch, para atender el caso del asesinato de Yesenia Lara Guti\u00e9rrez, candidata de Morena a la alcald\u00eda de Texistepec, Veracruz. Adem\u00e1s, orden\u00f3 reforzar la seguridad en Veracruz y Durango durante el proceso electoral en curso.<\/p>\n<p>Durante su conferencia matutina, Sheinbaum se\u00f1al\u00f3 que tambi\u00e9n ha solicitado a Omar Garc\u00eda Harfuch, secretario de Seguridad Ciudadana, comunicarse con la gobernadora de Veracruz, Roc\u00edo Nahle, para coordinar acciones y brindar apoyo en las investigaciones del crimen, as\u00ed como en la protecci\u00f3n a candidatos en riesgo.<\/p>\n<p>\u201cA\u00fan no se tiene una l\u00ednea de investigaci\u00f3n clara, pero ya hay di\u00e1logo con la gobernadora Nahle y se establecer\u00e1 colaboraci\u00f3n con la Fiscal\u00eda del estado para avanzar con prontitud y sin impunidad\u201d, precis\u00f3.<\/p>\n<p>El asesinato de Yesenia Lara Guti\u00e9rrez ha encendido las alarmas en la regi\u00f3n sur de Veracruz, donde el clima de violencia pol\u00edtica se ha intensificado. La agresi\u00f3n armada dej\u00f3 adem\u00e1s tres personas muertas \u2014incluido un polic\u00eda municipal de J\u00e1ltipan y una cuarta v\u00edctima que falleci\u00f3 en el hospital\u2014, as\u00ed como tres heridos de gravedad.<\/p>\n<p>Veracruz se convierte as\u00ed en uno de los estados m\u00e1s golpeados por la violencia electoral en este proceso, con dos aspirantes asesinados: Germ\u00e1n Anuar, candidato en Coxquihui, y ahora Yesenia Lara en Texistepec.<\/p>\n<p>Hasta la fecha, m\u00e1s de 40 candidatos en todo el pa\u00eds han solicitado protecci\u00f3n del Estado por temor a ser v\u00edctimas de agresiones.<\/p>\n<p>Por su parte, la gobernadora Roc\u00edo Nahle lament\u00f3 el crimen y asegur\u00f3 que ya hay coordinaci\u00f3n con la Fiscal\u00eda General del Estado para esclarecer los hechos. \u201cNo vamos a permitir que haya impunidad\u201d, declar\u00f3 anoche a trav\u00e9s de un mensaje p\u00fablico.<\/p>\n","protected":false},"excerpt":{"rendered":"<p>Jos\u00e9 Vargas Ciudad de M\u00e9xico \/ Texistepec, Ver.- La presidenta de M\u00e9xico, Claudia Sheinbaum, confirm\u00f3 este lunes que ha instruido al secretario de Seguridad y Protecci\u00f3n Ciudadana, Omar Garc\u00eda Harfuch, para atender el caso del asesinato de Yesenia Lara Guti\u00e9rrez, candidata de Morena a la alcald\u00eda de Texistepec, Veracruz. Adem\u00e1s, orden\u00f3 reforzar la seguridad en [&hellip;]<\/p>\n","protected":false},"author":2476,"featured_media":67033,"comment_status":"open","ping_status":"open","sticky":false,"template":"","format":"standard","meta":{"_jetpack_memberships_contains_paid_content":false,"footnotes":""},"categories":[12],"tags":[],"class_list":["post-67032","post","type-post","status-publish","format-standard","has-post-thumbnail","hentry","category-nacional"],"jetpack_featured_media_url":"https:\/\/encuentroinformativo.com.mx\/wp-content\/uploads\/2025\/05\/IMG-20250512-WA00632.jpg","jetpack_sharing_enabled":true,"jetpack_likes_enabled":true,"amp_enabled":true,"_links":{"self":[{"href":"https:\/\/encuentroinformativo.com.mx\/index.php?rest_route=\/wp\/v2\/posts\/67032","targetHints":{"allow":["GET"]}}],"collection":[{"href":"https:\/\/encuentroinformativo.com.mx\/index.php?rest_route=\/wp\/v2\/posts"}],"about":[{"href":"https:\/\/encuentroinformativo.com.mx\/index.php?rest_route=\/wp\/v2\/types\/post"}],"author":[{"embeddable":true,"href":"https:\/\/encuentroinformativo.com.mx\/index.php?rest_route=\/wp\/v2\/users\/2476"}],"replies":[{"embeddable":true,"href":"https:\/\/encuentroinformativo.com.mx\/index.php?rest_route=%2Fwp%2Fv2%2Fcomments&post=67032"}],"version-history":[{"count":1,"href":"https:\/\/encuentroinformativo.com.mx\/index.php?rest_route=\/wp\/v2\/posts\/67032\/revisions"}],"predecessor-version":[{"id":67034,"href":"https:\/\/encuentroinformativo.com.mx\/index.php?rest_route=\/wp\/v2\/posts\/67032\/revisions\/67034"}],"wp:featuredmedia":[{"embeddable":true,"href":"https:\/\/encuentroinformativo.com.mx\/index.php?rest_route=\/wp\/v2\/media\/67033"}],"wp:attachment":[{"href":"https:\/\/encuentroinformativo.com.mx\/index.php?rest_route=%2Fwp%2Fv2%2Fmedia&parent=67032"}],"wp:term":[{"taxonomy":"category","embeddable":true,"href":"https:\/\/encuentroinformativo.com.mx\/index.php?rest_route=%2Fwp%2Fv2%2Fcategories&post=67032"},{"taxonomy":"post_tag","embeddable":true,"href":"https:\/\/encuentroinformativo.com.mx\/index.php?rest_route=%2Fwp%2Fv2%2Ftags&post=67032"}],"curies":[{"name":"wp","href":"https:\/\/api.w.org\/{rel}","templated":true}]}}