{"id":67035,"date":"2025-05-12T12:37:10","date_gmt":"2025-05-12T18:37:10","guid":{"rendered":"https:\/\/encuentroinformativo.com.mx\/?p=67035"},"modified":"2025-05-12T12:37:10","modified_gmt":"2025-05-12T18:37:10","slug":"entregaran-a-polo-deschamps-estudio-para-resolver-problema-de-energia-electrica-en-alvarado","status":"publish","type":"post","link":"https:\/\/encuentroinformativo.com.mx\/?p=67035","title":{"rendered":"Entregar\u00e1n a Polo Deschamps estudio para resolver problema de energ\u00eda el\u00e9ctrica en Alvarado"},"content":{"rendered":"<p><strong>Alejandro \u00c1vila<\/strong><\/p>\n<p>Veracruz, Ver.- El candidato de Morena para la alcald\u00eda de Alvarado, Polo Deschamps confirm\u00f3 que un grupo de ingenieros especialistas le entregar\u00e1n en pr\u00f3ximas fechas un estudio donde informar\u00e1n la problem\u00e1tica de la falta de suministro de energ\u00eda el\u00e9ctrica en el municipio de Alvarado y sus posibles soluciones.<\/p>\n<p>El aspirante a la presidencia municipal puntualiz\u00f3 que la falta del servicio de energ\u00eda el\u00e9ctrica es la principal queja de los ciudadanos, situaci\u00f3n que qued\u00f3 expuesta en encuestas, brigadeos y en los propios recorridos que realiza durante su campa\u00f1a.<\/p>\n<p>&#8220;La verdad es que es algo fuera de lo normal, se los digo porque he hablado con encuestadores de talla nacional y me dicen, nunca hab\u00eda visto que en un municipio saliera que la primer preocupaci\u00f3n fuera el tema de la luz, y cuando habla de la luz no hablo necesariamente del alumbrado p\u00fablico, sino que se va la luz de las casas, el servicio y luego se va por un d\u00eda entero y eso provoca que no haya agua y luego se va tambi\u00e9n la se\u00f1al del celular&#8221;, expres\u00f3.<\/p>\n<p>Polo Deschamps dijo que de forma at\u00edpica en una reuni\u00f3n con 100 ingenieros el\u00e9ctricos, fue a pedirles el apoyo para lograr solucionar el principal problema que aqueja a los alvarade\u00f1os.<\/p>\n<p>&#8220;F\u00edjate que fue algo muy curioso, porque como candidato en lugar de ir a proponer les fui a pedir, y les fui a pedir que me ayudaran con un diagn\u00f3stico profesional de cu\u00e1l es el problema en Alvarado&#8230; lo van a empezar a hacer, ya ellos se comprometieron a hacerlo porque es algo muy delicado, aparte Alvarado es muy grande, tienen que checarlo pero ya ellos dijeron que no va a tener ning\u00fan costo que van a colaborar conmigo y con mi administraci\u00f3n para hacer el diagn\u00f3stico antes de que nosotros inclusive entremos (&#8230;) todo tiene soluci\u00f3n, obviamente hay que ver en cu\u00e1nto sale esa soluci\u00f3n&#8221;, subray\u00f3.<\/p>\n<p>La ma\u00f1ana de este lunes Polo Deschamps tuvo un encuentro con integrantes del Consejo Coordinador Empresarial de Veracruz y no fue exento de hablar del atentado en contra de la candidata de Morena en Texistepec, Yesenia Lara Guti\u00e9rrez, qui\u00e9n fuera asesinada la noche de este domingo.<\/p>\n<p>&#8220;Lamentable que suceda esto, obviamente que las autoridades tomen cartas en el asunto y pedir que se traten de hacer unas elecciones con la mayor calma posible y obviamente lamentamos estos hechos (&#8230;) yo la verdad no, como siempre lo he hecho hablo por m\u00ed, me han preguntado en otras campa\u00f1as y nunca he sentido ese riesgo incluso al d\u00eda de hoy (&#8230;) totalmente tranquilo, la verdad es que yo as\u00ed lo veo, de parte de mis compa\u00f1eros candidatos a todos los partidos y de mi parte, la pasi\u00f3n normal de toda campa\u00f1a pol\u00edtica y aparte ustedes saben que Alvarado es particularmente folcl\u00f3rico de alguna manera, pero dentro de todo mucho respeto es lo que veo de mis compa\u00f1eros, si se han dado cuenta yo tampoco he dado declaraciones agresivas y creo que ellos tampoco&#8221;, culmin\u00f3.<\/p>\n","protected":false},"excerpt":{"rendered":"<p>Alejandro \u00c1vila Veracruz, Ver.- El candidato de Morena para la alcald\u00eda de Alvarado, Polo Deschamps confirm\u00f3 que un grupo de ingenieros especialistas le entregar\u00e1n en pr\u00f3ximas fechas un estudio donde informar\u00e1n la problem\u00e1tica de la falta de suministro de energ\u00eda el\u00e9ctrica en el municipio de Alvarado y sus posibles soluciones. El aspirante a la presidencia [&hellip;]<\/p>\n","protected":false},"author":2476,"featured_media":67036,"comment_status":"open","ping_status":"open","sticky":false,"template":"","format":"standard","meta":{"_jetpack_memberships_contains_paid_content":false,"footnotes":""},"categories":[2],"tags":[],"class_list":["post-67035","post","type-post","status-publish","format-standard","has-post-thumbnail","hentry","category-estado"],"jetpack_featured_media_url":"https:\/\/encuentroinformativo.com.mx\/wp-content\/uploads\/2025\/05\/IMG-20250512-WA01132.jpg","jetpack_sharing_enabled":true,"jetpack_likes_enabled":true,"amp_enabled":true,"_links":{"self":[{"href":"https:\/\/encuentroinformativo.com.mx\/index.php?rest_route=\/wp\/v2\/posts\/67035","targetHints":{"allow":["GET"]}}],"collection":[{"href":"https:\/\/encuentroinformativo.com.mx\/index.php?rest_route=\/wp\/v2\/posts"}],"about":[{"href":"https:\/\/encuentroinformativo.com.mx\/index.php?rest_route=\/wp\/v2\/types\/post"}],"author":[{"embeddable":true,"href":"https:\/\/encuentroinformativo.com.mx\/index.php?rest_route=\/wp\/v2\/users\/2476"}],"replies":[{"embeddable":true,"href":"https:\/\/encuentroinformativo.com.mx\/index.php?rest_route=%2Fwp%2Fv2%2Fcomments&post=67035"}],"version-history":[{"count":1,"href":"https:\/\/encuentroinformativo.com.mx\/index.php?rest_route=\/wp\/v2\/posts\/67035\/revisions"}],"predecessor-version":[{"id":67037,"href":"https:\/\/encuentroinformativo.com.mx\/index.php?rest_route=\/wp\/v2\/posts\/67035\/revisions\/67037"}],"wp:featuredmedia":[{"embeddable":true,"href":"https:\/\/encuentroinformativo.com.mx\/index.php?rest_route=\/wp\/v2\/media\/67036"}],"wp:attachment":[{"href":"https:\/\/encuentroinformativo.com.mx\/index.php?rest_route=%2Fwp%2Fv2%2Fmedia&parent=67035"}],"wp:term":[{"taxonomy":"category","embeddable":true,"href":"https:\/\/encuentroinformativo.com.mx\/index.php?rest_route=%2Fwp%2Fv2%2Fcategories&post=67035"},{"taxonomy":"post_tag","embeddable":true,"href":"https:\/\/encuentroinformativo.com.mx\/index.php?rest_route=%2Fwp%2Fv2%2Ftags&post=67035"}],"curies":[{"name":"wp","href":"https:\/\/api.w.org\/{rel}","templated":true}]}}