{"id":67044,"date":"2025-05-12T13:44:40","date_gmt":"2025-05-12T19:44:40","guid":{"rendered":"https:\/\/encuentroinformativo.com.mx\/?p=67044"},"modified":"2025-05-12T13:44:40","modified_gmt":"2025-05-12T19:44:40","slug":"si-hubo-desabasto-de-diesel-en-veracruz","status":"publish","type":"post","link":"https:\/\/encuentroinformativo.com.mx\/?p=67044","title":{"rendered":"S\u00ed hubo desabasto de diesel en Veracruz"},"content":{"rendered":"<p><strong>Alejandro \u00c1vila<\/strong><\/p>\n<p>Veracruz, Ver.- El ex presidente de la Canacar, Luis Exsome Zapata, confirm\u00f3 que el pasado fin de semana hubo desabasto de diesel en las estaciones de servicio de la zona conurbada Veracruz &#8211; Boca del R\u00edo.<\/p>\n<p>El empresario transportista dijo que la situaci\u00f3n que caus\u00f3 alarma en cierto sector se debi\u00f3 a que uno de los barcos de Petr\u00f3leos Mexicanos no pudo ingresar a la zona portuaria para descargar, limitando el abastecimiento en la central de almacenamiento \u201cEl Sardinero\u201d.<\/p>\n<p>\u201cS\u00ed hubo en algunas estaciones de servicios desabasto de di\u00e9sel, en otras no, si es un tema que le dimos seguimiento, sent\u00ed preocupaci\u00f3n por el sector, sin embargo, se resolvi\u00f3 yendo a cargar en otras estaciones de servicios, b\u00e1sicamente las surtidas por Pemex, creo que el barco se tard\u00f3 en entrar o tuvo ah\u00ed un par de d\u00edas que no pudo descargar, se acab\u00f3 el combustible que hab\u00eda el Sardinero\u201d, explic\u00f3.<\/p>\n<p>El integrante de la c\u00e1mara Nacional del Autotransporte de Carga (Canacar), afirm\u00f3 que de manera general no hay afectaciones en el sector porque se logr\u00f3 cargar combustible en estaciones que se abastecen de otros municipios.<\/p>\n<p>\u201cHay otras estaciones de servicio que traen combustible de Coatzacoalcos, Poza Rica, Xalapa y s\u00ed hubo abasto. En la zona de Veracruz en al zona del puerto de Veracruz, un par de d\u00edas empez\u00f3 a escasear y nos empezamos a poner nerviosos. Entre jueves, viernes y s\u00e1bado\u201d.<\/p>\n<p>Exsome Zapata, resalt\u00f3 que no es una situaci\u00f3n que suceda a menudo la falta de abastecimiento, solo en casos relacionados a eventos de norte que el puerto cierra a la navegaci\u00f3n y no se puede surtir al Sardinero.<\/p>\n","protected":false},"excerpt":{"rendered":"<p>Alejandro \u00c1vila Veracruz, Ver.- El ex presidente de la Canacar, Luis Exsome Zapata, confirm\u00f3 que el pasado fin de semana hubo desabasto de diesel en las estaciones de servicio de la zona conurbada Veracruz &#8211; Boca del R\u00edo. El empresario transportista dijo que la situaci\u00f3n que caus\u00f3 alarma en cierto sector se debi\u00f3 a que [&hellip;]<\/p>\n","protected":false},"author":2476,"featured_media":67045,"comment_status":"open","ping_status":"open","sticky":false,"template":"","format":"standard","meta":{"_jetpack_memberships_contains_paid_content":false,"footnotes":""},"categories":[2],"tags":[],"class_list":["post-67044","post","type-post","status-publish","format-standard","has-post-thumbnail","hentry","category-estado"],"jetpack_featured_media_url":"https:\/\/encuentroinformativo.com.mx\/wp-content\/uploads\/2025\/05\/IMG-20250512-WA01462.jpg","jetpack_sharing_enabled":true,"jetpack_likes_enabled":true,"amp_enabled":true,"_links":{"self":[{"href":"https:\/\/encuentroinformativo.com.mx\/index.php?rest_route=\/wp\/v2\/posts\/67044","targetHints":{"allow":["GET"]}}],"collection":[{"href":"https:\/\/encuentroinformativo.com.mx\/index.php?rest_route=\/wp\/v2\/posts"}],"about":[{"href":"https:\/\/encuentroinformativo.com.mx\/index.php?rest_route=\/wp\/v2\/types\/post"}],"author":[{"embeddable":true,"href":"https:\/\/encuentroinformativo.com.mx\/index.php?rest_route=\/wp\/v2\/users\/2476"}],"replies":[{"embeddable":true,"href":"https:\/\/encuentroinformativo.com.mx\/index.php?rest_route=%2Fwp%2Fv2%2Fcomments&post=67044"}],"version-history":[{"count":1,"href":"https:\/\/encuentroinformativo.com.mx\/index.php?rest_route=\/wp\/v2\/posts\/67044\/revisions"}],"predecessor-version":[{"id":67046,"href":"https:\/\/encuentroinformativo.com.mx\/index.php?rest_route=\/wp\/v2\/posts\/67044\/revisions\/67046"}],"wp:featuredmedia":[{"embeddable":true,"href":"https:\/\/encuentroinformativo.com.mx\/index.php?rest_route=\/wp\/v2\/media\/67045"}],"wp:attachment":[{"href":"https:\/\/encuentroinformativo.com.mx\/index.php?rest_route=%2Fwp%2Fv2%2Fmedia&parent=67044"}],"wp:term":[{"taxonomy":"category","embeddable":true,"href":"https:\/\/encuentroinformativo.com.mx\/index.php?rest_route=%2Fwp%2Fv2%2Fcategories&post=67044"},{"taxonomy":"post_tag","embeddable":true,"href":"https:\/\/encuentroinformativo.com.mx\/index.php?rest_route=%2Fwp%2Fv2%2Ftags&post=67044"}],"curies":[{"name":"wp","href":"https:\/\/api.w.org\/{rel}","templated":true}]}}