{"id":67050,"date":"2025-05-12T14:37:18","date_gmt":"2025-05-12T20:37:18","guid":{"rendered":"https:\/\/encuentroinformativo.com.mx\/?p=67050"},"modified":"2025-05-12T14:37:18","modified_gmt":"2025-05-12T20:37:18","slug":"se-quejan-transportistas-de-presuntos-abusos-de-la-policia-municipal","status":"publish","type":"post","link":"https:\/\/encuentroinformativo.com.mx\/?p=67050","title":{"rendered":"Se quejan transportistas de presuntos abusos de la polic\u00eda municipal"},"content":{"rendered":"<p><strong>Dar\u00edo Pale<\/strong><\/p>\n<p>Xalapa, Ver.- Transportistas se quejan de los elementos de la polic\u00eda municipal ya que se est\u00e1n tomando atribuciones que no les corresponden por lo que est\u00e1n solicitando de nueva cuenta audiencia con el presidente municipal Alberto Islas Reyes.<\/p>\n<p>En entrevista V\u00edctor Herminio Gonz\u00e1lez Rivera, Secretario General del Sindicato Estatal Mario Su\u00e1rez Garc\u00eda \u201cCOHEN\u201d, Mario Su\u00e1rez Garc\u00eda y Secretario General de la Federaci\u00f3n Revolucionaria de Trabajadores en Veracruz coment\u00f3 que vinieron a entregar un segundo oficio al alcalde para solicitar una audiencia.<\/p>\n<p>Dijo que quieren platicar con \u00e9l las anomal\u00edas de las atribuciones que se est\u00e1n tomando los elementos de la Polic\u00eda municipal especialmente los patrulleros que andan en las unidades pintadas como de tr\u00e1nsito municipal.<\/p>\n<p>\u201cQueremos platicar con \u00e9l sobre las anomal\u00edas de las atribuciones que se est\u00e1 tomando la polic\u00eda municipal, en espec\u00edfico los patrulleros que andan en las patrullas, que est\u00e1n pintadas como tr\u00e1nsito municipal, que aqu\u00ed no lo hay, pero lo \u00fanico que est\u00e1n haciendo es est\u00e1n confundiendo la ciudadan\u00eda porque no tienen ninguna atribuci\u00f3n m\u00e1s que puro auxilio vial\u201d, coment\u00f3.<\/p>\n<p>Dio a conocer que un compa\u00f1eros de ellos estando estacionado se le fue a impactar un motociclista en la colonia Revoluci\u00f3n, y s\u00f3lo argument\u00f3 que lo hab\u00eda proyectado un veh\u00edculo Bora, el cual nunca apareci\u00f3.<\/p>\n<p>\u201cQuedaron formalmente de presentar videos y pruebas para desmentir y desgraciadamente no, ya tuvimos una reuni\u00f3n con el director nuevo director de la polic\u00eda municipal, pero no, se tapan con la misma para ellos \u00fanica y exclusivamente la versi\u00f3n oficial y la verdadera y la \u00fanica es la de su oficial que intervino y que liber\u00f3 al motociclista que se fue a impactar sin que no pagar\u00e1 los da\u00f1os\u201d, se\u00f1al\u00f3.<\/p>\n<p>Dio a conocer que en d\u00edas pasados tuvieron una situaci\u00f3n con tr\u00e1nsito del estado a donde les informaron e inmediatamente no esper\u00f3 el se\u00f1or director que le solicitaran audiencia ni el jefe de peritos a nivel estatal, no esperaron a que le solicit\u00e1ramos un un oficio solicitando audiencia donde ellos inmediatamente se comunicaron con v\u00eda telef\u00f3nica que se acercaran para platicar, dialogar y aclarar los malos entendidos y llegaron a un acuerdo siguiendo las indicaciones de la gobernadora Roc\u00edo Nahle Garc\u00eda.<\/p>\n<p>Se\u00f1al\u00f3 que, \u201chay algunas situaciones donde est\u00e1n parando veh\u00edculos de carga, principalmente en la zona de la Central de Abastos, tengo algunos comentarios de mis compa\u00f1eros que est\u00e1n parando las unidades por all\u00e1, digo, no tienen ninguna facultad para detenerlos, ellos solamente son preventivos y son auxiliares en la vialidad\u201d.<\/p>\n<p>\u201cLes piden documentos, permisos de carga y situaciones que a ellos no est\u00e1n facultados para esa situaci\u00f3n, pues los intimidan, por ignorancia de la ciudadan\u00eda los intimidan, entendemos que as\u00ed es, no me consta lo que no he visto, pero se supone y entendemos que puede ser de ese modo\u201d, acus\u00f3.<\/p>\n<p>Finalmente dijo que no van a presentar la denuncia ya que los da\u00f1os son de aproximadamente 3 o 4 mil pesos y para presentar una denuncia es muy costoso tener que pagar un abogado lo \u00fanico que quieren es que termine esta situaci\u00f3n.<\/p>\n","protected":false},"excerpt":{"rendered":"<p>Dar\u00edo Pale Xalapa, Ver.- Transportistas se quejan de los elementos de la polic\u00eda municipal ya que se est\u00e1n tomando atribuciones que no les corresponden por lo que est\u00e1n solicitando de nueva cuenta audiencia con el presidente municipal Alberto Islas Reyes. En entrevista V\u00edctor Herminio Gonz\u00e1lez Rivera, Secretario General del Sindicato Estatal Mario Su\u00e1rez Garc\u00eda \u201cCOHEN\u201d, [&hellip;]<\/p>\n","protected":false},"author":2476,"featured_media":67051,"comment_status":"open","ping_status":"open","sticky":false,"template":"","format":"standard","meta":{"_jetpack_memberships_contains_paid_content":false,"footnotes":""},"categories":[3],"tags":[],"class_list":["post-67050","post","type-post","status-publish","format-standard","has-post-thumbnail","hentry","category-xalapa"],"jetpack_featured_media_url":"https:\/\/encuentroinformativo.com.mx\/wp-content\/uploads\/2025\/05\/IMG-20250512-WA0162.jpg","jetpack_sharing_enabled":true,"jetpack_likes_enabled":true,"amp_enabled":true,"_links":{"self":[{"href":"https:\/\/encuentroinformativo.com.mx\/index.php?rest_route=\/wp\/v2\/posts\/67050","targetHints":{"allow":["GET"]}}],"collection":[{"href":"https:\/\/encuentroinformativo.com.mx\/index.php?rest_route=\/wp\/v2\/posts"}],"about":[{"href":"https:\/\/encuentroinformativo.com.mx\/index.php?rest_route=\/wp\/v2\/types\/post"}],"author":[{"embeddable":true,"href":"https:\/\/encuentroinformativo.com.mx\/index.php?rest_route=\/wp\/v2\/users\/2476"}],"replies":[{"embeddable":true,"href":"https:\/\/encuentroinformativo.com.mx\/index.php?rest_route=%2Fwp%2Fv2%2Fcomments&post=67050"}],"version-history":[{"count":1,"href":"https:\/\/encuentroinformativo.com.mx\/index.php?rest_route=\/wp\/v2\/posts\/67050\/revisions"}],"predecessor-version":[{"id":67052,"href":"https:\/\/encuentroinformativo.com.mx\/index.php?rest_route=\/wp\/v2\/posts\/67050\/revisions\/67052"}],"wp:featuredmedia":[{"embeddable":true,"href":"https:\/\/encuentroinformativo.com.mx\/index.php?rest_route=\/wp\/v2\/media\/67051"}],"wp:attachment":[{"href":"https:\/\/encuentroinformativo.com.mx\/index.php?rest_route=%2Fwp%2Fv2%2Fmedia&parent=67050"}],"wp:term":[{"taxonomy":"category","embeddable":true,"href":"https:\/\/encuentroinformativo.com.mx\/index.php?rest_route=%2Fwp%2Fv2%2Fcategories&post=67050"},{"taxonomy":"post_tag","embeddable":true,"href":"https:\/\/encuentroinformativo.com.mx\/index.php?rest_route=%2Fwp%2Fv2%2Ftags&post=67050"}],"curies":[{"name":"wp","href":"https:\/\/api.w.org\/{rel}","templated":true}]}}