{"id":67053,"date":"2025-05-12T15:47:57","date_gmt":"2025-05-12T21:47:57","guid":{"rendered":"https:\/\/encuentroinformativo.com.mx\/?p=67053"},"modified":"2025-05-12T15:47:57","modified_gmt":"2025-05-12T21:47:57","slug":"fuerzas-federales-reforzaran-seguridad-en-zona-de-texistepec","status":"publish","type":"post","link":"https:\/\/encuentroinformativo.com.mx\/?p=67053","title":{"rendered":"Fuerzas federales reforzar\u00e1n seguridad en zona de Texistepec"},"content":{"rendered":"<p><strong>Dar\u00edo Pale<\/strong><\/p>\n<p>Xalapa, Ver.- La gobernadora de Veracruz Norma Roc\u00edo Nahle Garc\u00eda dio a conocer que llegar\u00e1 al estado una c\u00e9lula de seguridad para resguardar la zona de Texistepec, tras los hechos violentos en ese municipio donde atacaron a la candidata morenista Yesenia Lara y a 5 personas m\u00e1s.<\/p>\n<p>En conferencia de prensa coment\u00f3 que existen entre 24 y 30 zonas con focos rojos de inseguridad, no obstante asegur\u00f3 que a pesar de todo habr\u00e1 elecciones seguras y tranquilas, pero hasta el momento no hay detenidos.<\/p>\n<p>&#8220;No fue una vida, fueron 5 vidas, ya est\u00e1 la l\u00ednea de investigaci\u00f3n y no les puedo decir\u201d, ya que debido a la secrec\u00eda no puede dar m\u00e1s datos.<\/p>\n<p>\u201cComo ustedes vieron en el video, ya en la noche estaba terminando su caravana, su recorrido. Estaba saludando ah\u00ed cerca de una casa al se\u00f1or Miguel \u00c1ngel Navarro, quien es polic\u00eda municipal de J\u00e1ltipan, estaba \u00e9l ah\u00ed, o sea, los estaba saludando con su familia, estaba cerca de ella, 20-30 metros de su casa y lamentablemente este fallece, Marisol Navarro que es su hija estaba ah\u00ed y Mario Navarro que es su hijo est\u00e1 herido\u201d,coment\u00f3.<\/p>\n<p>&#8220;Est\u00e1 la l\u00ednea y lo \u00fanico que les puedo decir es que hable con el secretario de seguridad Omar Garc\u00eda Harfuch, todo el apoyo, van a enviar una c\u00e9lula de investigaci\u00f3n para reforzar en esa zona y ser\u00e1 necesario aumentar los elementos de Guardia Nacional. Nosotros estamos garantizando elecciones tranquilas este 1 de junio&#8221;, agreg\u00f3.<\/p>\n<p>Dijo que hay todas las condiciones para que se lleven a cabo las pr\u00f3ximas elecciones a pesar de quienes quieren crear un ambiente de miedo, \u201cpero somos m\u00e1s los que estamos construyendo un Veracruz democr\u00e1tico y los pueblos, cada municipio, tienen derecho de elegir a sus autoridades\u201d.<\/p>\n<p>\u201cSomos un gobierno con poder, con fuerza y con autoridad y la vamos a ejercer. Dijimos que no a la impunidad, dijimos que no tenemos convenios ni tratos con nadie y el \u00fanico trato que tenemos es con el pueblo y estamos trabajando para eso, para garantizar seguridad en todos lados, en elecciones y fuera de elecciones\u201d, se\u00f1al\u00f3.<\/p>\n<p>Dio a conocer que hay 57 solicitudes de protecci\u00f3n ante el Organismo P\u00fablico Local Electoral del Estado de Veracruz por parte de candidatas y candidatos de diferentes partidos.<\/p>\n<p>24 de estas son de aspirantes del partido Movimiento Ciudadano (MC), 3 del Partido Acci\u00f3n Nacional (PAN), 11 del Partido del Trabajo (PT), 3 del Partido Revolucionario Institucional (PRI), 8 de la Coalici\u00f3n entre Movimiento de Regeneraci\u00f3n Nacional (Morena) y el Partido Verde Ecologista de M\u00e9xico (PVEM), 6 de aspirantes de Morena, una m\u00e1s de un candidato que contiende solo por el Partido Verde y una de un candidato independiente.<\/p>\n<p>Dijo que el estado ya respondi\u00f3 a trav\u00e9s de la Secretar\u00eda de Seguridad P\u00fablica a todos y todas quienes lo han solicitado.<\/p>\n<p>Finalmente se\u00f1al\u00f3 que, \u201cno es a trav\u00e9s de la amenaza ni de la bala ni dem\u00e1s, entonces este es un estado donde hay estado de derecho y tenemos que afrontar esto, es lo que estamos haciendo\u201d.<\/p>\n","protected":false},"excerpt":{"rendered":"<p>Dar\u00edo Pale Xalapa, Ver.- La gobernadora de Veracruz Norma Roc\u00edo Nahle Garc\u00eda dio a conocer que llegar\u00e1 al estado una c\u00e9lula de seguridad para resguardar la zona de Texistepec, tras los hechos violentos en ese municipio donde atacaron a la candidata morenista Yesenia Lara y a 5 personas m\u00e1s. En conferencia de prensa coment\u00f3 que [&hellip;]<\/p>\n","protected":false},"author":2476,"featured_media":67054,"comment_status":"open","ping_status":"open","sticky":false,"template":"","format":"standard","meta":{"_jetpack_memberships_contains_paid_content":false,"footnotes":""},"categories":[2],"tags":[],"class_list":["post-67053","post","type-post","status-publish","format-standard","has-post-thumbnail","hentry","category-estado"],"jetpack_featured_media_url":"https:\/\/encuentroinformativo.com.mx\/wp-content\/uploads\/2025\/05\/IMG-20250512-WA0181.jpg","jetpack_sharing_enabled":true,"jetpack_likes_enabled":true,"amp_enabled":true,"_links":{"self":[{"href":"https:\/\/encuentroinformativo.com.mx\/index.php?rest_route=\/wp\/v2\/posts\/67053","targetHints":{"allow":["GET"]}}],"collection":[{"href":"https:\/\/encuentroinformativo.com.mx\/index.php?rest_route=\/wp\/v2\/posts"}],"about":[{"href":"https:\/\/encuentroinformativo.com.mx\/index.php?rest_route=\/wp\/v2\/types\/post"}],"author":[{"embeddable":true,"href":"https:\/\/encuentroinformativo.com.mx\/index.php?rest_route=\/wp\/v2\/users\/2476"}],"replies":[{"embeddable":true,"href":"https:\/\/encuentroinformativo.com.mx\/index.php?rest_route=%2Fwp%2Fv2%2Fcomments&post=67053"}],"version-history":[{"count":2,"href":"https:\/\/encuentroinformativo.com.mx\/index.php?rest_route=\/wp\/v2\/posts\/67053\/revisions"}],"predecessor-version":[{"id":67056,"href":"https:\/\/encuentroinformativo.com.mx\/index.php?rest_route=\/wp\/v2\/posts\/67053\/revisions\/67056"}],"wp:featuredmedia":[{"embeddable":true,"href":"https:\/\/encuentroinformativo.com.mx\/index.php?rest_route=\/wp\/v2\/media\/67054"}],"wp:attachment":[{"href":"https:\/\/encuentroinformativo.com.mx\/index.php?rest_route=%2Fwp%2Fv2%2Fmedia&parent=67053"}],"wp:term":[{"taxonomy":"category","embeddable":true,"href":"https:\/\/encuentroinformativo.com.mx\/index.php?rest_route=%2Fwp%2Fv2%2Fcategories&post=67053"},{"taxonomy":"post_tag","embeddable":true,"href":"https:\/\/encuentroinformativo.com.mx\/index.php?rest_route=%2Fwp%2Fv2%2Ftags&post=67053"}],"curies":[{"name":"wp","href":"https:\/\/api.w.org\/{rel}","templated":true}]}}