{"id":67060,"date":"2025-05-12T18:02:52","date_gmt":"2025-05-13T00:02:52","guid":{"rendered":"https:\/\/encuentroinformativo.com.mx\/?p=67060"},"modified":"2025-05-12T18:02:52","modified_gmt":"2025-05-13T00:02:52","slug":"la-guerra-sucia-no-me-debilita-bertin-bravo","status":"publish","type":"post","link":"https:\/\/encuentroinformativo.com.mx\/?p=67060","title":{"rendered":"La guerra sucia no me debilita: Bert\u00edn Bravo"},"content":{"rendered":"<p><strong>Elisa Aburto<\/strong><\/p>\n<p>\u00darsulo Galv\u00e1n, Ver.- Los ataques que forman parte de la &#8220;guerra sucia&#8221; no me debilitan as\u00ed lo afirm\u00f3 Bert\u00edn Bravo Montero candidato de Movimiento Ciudadano a la presidencia municipal de \u00darsulo Galv\u00e1n.<\/p>\n<p>Entrevistado en la localidad de Cempoala, el candidato consider\u00f3 que los ataques que realizan en redes sociales hacia su persona son el resultado de los adversarios ante la respuesta tan favorable que sigue recibiendo de la ciudadan\u00eda.<\/p>\n<p>En ese sentido reiter\u00f3 que proviene de un origen humilde pero transparente. &#8220;Est\u00e1 guerra sucia piensan que van a debilitar a Bert\u00edn Bravo, pero Bert\u00edn es gente de trabajo, ve de frente. Toda la gente que me conoce de hace a\u00f1os sabe que soy gente de pueblo, de trabajo, gente de bien&#8221;.<\/p>\n<p>La gente que publica, dijo, que d\u00e9 la cara. Bertin Bravo es gente de trabajo, venimos de una pobreza muy grande&#8230; Yo con ese tipo de acciones no voy a ganar, yo voy a ganar con el contacto de mi gente, de nuestro pueblo.<\/p>\n<p>Bert\u00edn Bravo sigue recorriendo cada una de las 21 comunidades que conforman el municipio de \u00darsulo Galv\u00e1n para que la poblaci\u00f3n conozca sus propuestas.<\/p>\n","protected":false},"excerpt":{"rendered":"<p>Elisa Aburto \u00darsulo Galv\u00e1n, Ver.- Los ataques que forman parte de la &#8220;guerra sucia&#8221; no me debilitan as\u00ed lo afirm\u00f3 Bert\u00edn Bravo Montero candidato de Movimiento Ciudadano a la presidencia municipal de \u00darsulo Galv\u00e1n. Entrevistado en la localidad de Cempoala, el candidato consider\u00f3 que los ataques que realizan en redes sociales hacia su persona son [&hellip;]<\/p>\n","protected":false},"author":2476,"featured_media":67061,"comment_status":"open","ping_status":"open","sticky":false,"template":"","format":"standard","meta":{"_jetpack_memberships_contains_paid_content":false,"footnotes":""},"categories":[8],"tags":[],"class_list":["post-67060","post","type-post","status-publish","format-standard","has-post-thumbnail","hentry","category-region"],"jetpack_featured_media_url":"https:\/\/encuentroinformativo.com.mx\/wp-content\/uploads\/2025\/05\/IMG-20250512-WA02872.jpg","jetpack_sharing_enabled":true,"jetpack_likes_enabled":true,"amp_enabled":true,"_links":{"self":[{"href":"https:\/\/encuentroinformativo.com.mx\/index.php?rest_route=\/wp\/v2\/posts\/67060","targetHints":{"allow":["GET"]}}],"collection":[{"href":"https:\/\/encuentroinformativo.com.mx\/index.php?rest_route=\/wp\/v2\/posts"}],"about":[{"href":"https:\/\/encuentroinformativo.com.mx\/index.php?rest_route=\/wp\/v2\/types\/post"}],"author":[{"embeddable":true,"href":"https:\/\/encuentroinformativo.com.mx\/index.php?rest_route=\/wp\/v2\/users\/2476"}],"replies":[{"embeddable":true,"href":"https:\/\/encuentroinformativo.com.mx\/index.php?rest_route=%2Fwp%2Fv2%2Fcomments&post=67060"}],"version-history":[{"count":1,"href":"https:\/\/encuentroinformativo.com.mx\/index.php?rest_route=\/wp\/v2\/posts\/67060\/revisions"}],"predecessor-version":[{"id":67062,"href":"https:\/\/encuentroinformativo.com.mx\/index.php?rest_route=\/wp\/v2\/posts\/67060\/revisions\/67062"}],"wp:featuredmedia":[{"embeddable":true,"href":"https:\/\/encuentroinformativo.com.mx\/index.php?rest_route=\/wp\/v2\/media\/67061"}],"wp:attachment":[{"href":"https:\/\/encuentroinformativo.com.mx\/index.php?rest_route=%2Fwp%2Fv2%2Fmedia&parent=67060"}],"wp:term":[{"taxonomy":"category","embeddable":true,"href":"https:\/\/encuentroinformativo.com.mx\/index.php?rest_route=%2Fwp%2Fv2%2Fcategories&post=67060"},{"taxonomy":"post_tag","embeddable":true,"href":"https:\/\/encuentroinformativo.com.mx\/index.php?rest_route=%2Fwp%2Fv2%2Ftags&post=67060"}],"curies":[{"name":"wp","href":"https:\/\/api.w.org\/{rel}","templated":true}]}}