{"id":67089,"date":"2025-05-13T12:12:09","date_gmt":"2025-05-13T18:12:09","guid":{"rendered":"https:\/\/encuentroinformativo.com.mx\/?p=67089"},"modified":"2025-05-13T12:12:09","modified_gmt":"2025-05-13T18:12:09","slug":"por-irregularidades-clausura-profepa-de-manera-parcial-el-relleno-sanitario-las-matas","status":"publish","type":"post","link":"https:\/\/encuentroinformativo.com.mx\/?p=67089","title":{"rendered":"Por irregularidades, clausura Profepa de manera parcial el Relleno Sanitario Las Matas\u00a0"},"content":{"rendered":"<p><strong>Jos\u00e9 Vargas<\/strong><\/p>\n<p>Minatitl\u00e1n, Ver.- La Procuradur\u00eda Federal de Protecci\u00f3n al Ambiente (Profepa) clausur\u00f3 de manera parcial y temporal el relleno sanitario Las Matas, ubicado en el municipio de Minatitl\u00e1n, Veracruz, e impuso medidas correctivas urgentes, tras detectar diversas irregularidades durante una inspecci\u00f3n realizada los d\u00edas 22 y 23 de abril.<\/p>\n<p>El sitio de disposici\u00f3n final de residuos s\u00f3lidos urbanos, que opera como tiradero a cielo abierto desde hace m\u00e1s de dos d\u00e9cadas, no cuenta con los sistemas m\u00ednimos requeridos para un manejo ambiental adecuado, en contravenci\u00f3n a lo establecido en la Norma Oficial Mexicana NOM-083-SEMARNAT-2003.<\/p>\n<p>Entre las principales deficiencias detectadas se encuentran:<br \/>\n\u2022 Ausencia de cobertura diaria de los residuos s\u00f3lidos urbanos.<br \/>\n\u2022 Falta de conformaci\u00f3n de taludes en las celdas.<br \/>\n\u2022 Inexistencia de un sistema para captar, conducir y recircular lixiviados.<br \/>\n\u2022 Ausencia de un sistema de captaci\u00f3n y venteo de biog\u00e1s.<br \/>\n\u2022 Escurrimientos de lixiviados hacia cuerpos de agua con vegetaci\u00f3n cercana.<br \/>\n\u2022 Presencia de fauna nociva y actividades de pepena dentro del sitio.<\/p>\n<p>Dado el riesgo ambiental que representa el sitio, especialmente por su ubicaci\u00f3n en una zona de humedales, propensa a inundaciones, y cercana a ductos de Pemex y l\u00edneas de transmisi\u00f3n de CFE, la Profepa determin\u00f3 la clausura parcial temporal del relleno y orden\u00f3 la entrega inmediata de un programa calendarizado que contemple acciones espec\u00edficas para la etapa de cierre y clausura del sitio.<\/p>\n<p>Las Matas ha sido objeto de constantes denuncias por el grave impacto ambiental que genera su operaci\u00f3n irregular. La medida adoptada por la Profepa busca frenar el deterioro ecol\u00f3gico y obligar a las autoridades responsables a implementar un manejo adecuado de los residuos s\u00f3lidos urbanos, acorde a la legislaci\u00f3n ambiental vigente.<\/p>\n","protected":false},"excerpt":{"rendered":"<p>Jos\u00e9 Vargas Minatitl\u00e1n, Ver.- La Procuradur\u00eda Federal de Protecci\u00f3n al Ambiente (Profepa) clausur\u00f3 de manera parcial y temporal el relleno sanitario Las Matas, ubicado en el municipio de Minatitl\u00e1n, Veracruz, e impuso medidas correctivas urgentes, tras detectar diversas irregularidades durante una inspecci\u00f3n realizada los d\u00edas 22 y 23 de abril. El sitio de disposici\u00f3n final [&hellip;]<\/p>\n","protected":false},"author":2476,"featured_media":67090,"comment_status":"open","ping_status":"open","sticky":false,"template":"","format":"standard","meta":{"_jetpack_memberships_contains_paid_content":false,"footnotes":""},"categories":[2],"tags":[],"class_list":["post-67089","post","type-post","status-publish","format-standard","has-post-thumbnail","hentry","category-estado"],"jetpack_featured_media_url":"https:\/\/encuentroinformativo.com.mx\/wp-content\/uploads\/2025\/05\/IMG-20250513-WA0090.jpg","jetpack_sharing_enabled":true,"jetpack_likes_enabled":true,"amp_enabled":true,"_links":{"self":[{"href":"https:\/\/encuentroinformativo.com.mx\/index.php?rest_route=\/wp\/v2\/posts\/67089","targetHints":{"allow":["GET"]}}],"collection":[{"href":"https:\/\/encuentroinformativo.com.mx\/index.php?rest_route=\/wp\/v2\/posts"}],"about":[{"href":"https:\/\/encuentroinformativo.com.mx\/index.php?rest_route=\/wp\/v2\/types\/post"}],"author":[{"embeddable":true,"href":"https:\/\/encuentroinformativo.com.mx\/index.php?rest_route=\/wp\/v2\/users\/2476"}],"replies":[{"embeddable":true,"href":"https:\/\/encuentroinformativo.com.mx\/index.php?rest_route=%2Fwp%2Fv2%2Fcomments&post=67089"}],"version-history":[{"count":1,"href":"https:\/\/encuentroinformativo.com.mx\/index.php?rest_route=\/wp\/v2\/posts\/67089\/revisions"}],"predecessor-version":[{"id":67091,"href":"https:\/\/encuentroinformativo.com.mx\/index.php?rest_route=\/wp\/v2\/posts\/67089\/revisions\/67091"}],"wp:featuredmedia":[{"embeddable":true,"href":"https:\/\/encuentroinformativo.com.mx\/index.php?rest_route=\/wp\/v2\/media\/67090"}],"wp:attachment":[{"href":"https:\/\/encuentroinformativo.com.mx\/index.php?rest_route=%2Fwp%2Fv2%2Fmedia&parent=67089"}],"wp:term":[{"taxonomy":"category","embeddable":true,"href":"https:\/\/encuentroinformativo.com.mx\/index.php?rest_route=%2Fwp%2Fv2%2Fcategories&post=67089"},{"taxonomy":"post_tag","embeddable":true,"href":"https:\/\/encuentroinformativo.com.mx\/index.php?rest_route=%2Fwp%2Fv2%2Ftags&post=67089"}],"curies":[{"name":"wp","href":"https:\/\/api.w.org\/{rel}","templated":true}]}}