{"id":67092,"date":"2025-05-13T14:05:13","date_gmt":"2025-05-13T20:05:13","guid":{"rendered":"https:\/\/encuentroinformativo.com.mx\/?p=67092"},"modified":"2025-05-13T14:05:13","modified_gmt":"2025-05-13T20:05:13","slug":"condena-francis-eguia-hechos-violentos-en-actopan","status":"publish","type":"post","link":"https:\/\/encuentroinformativo.com.mx\/?p=67092","title":{"rendered":"Condena Francis Egu\u00eda hechos violentos en Actopan"},"content":{"rendered":"<p><strong>Redacci\u00f3n<\/strong><\/p>\n<p>Actopan, Ver.- Derivado de los hechos sucedidos ayer por la noche en nuestro municipio, con profunda tristeza y total indignaci\u00f3n condenamos el cobarde atentado en el que perdieron la vida el exalcalde Esteban Alfonseca Salazar y el exregidor Edmundo Mart\u00ednez P\u00e9rez.<\/p>\n<p>Nuestra solidaridad y m\u00e1s sinceras condolencias est\u00e1 con sus familias, amigos, seres queridos y equipo pol\u00edtico. Ninguna diferencia ideol\u00f3gica justifica la violencia en lo que deber\u00eda ser una fiesta democr\u00e1tica para pueblo.<\/p>\n<p>Hacemos un llamado a las autoridades para que se realicen las averiguaciones y se otorgue justicia. Que este crimen no quede impune, Actopan merece vivir en paz, sin miedo, sin violencia.<\/p>\n<p>Exhortamos a todos los actores pol\u00edticos para que pongamos por delante el respeto, la civilidad y el compromiso con nuestra gente.<br \/>\nAtte. Francisco Egu\u00eda Parra<\/p>\n","protected":false},"excerpt":{"rendered":"<p>Redacci\u00f3n Actopan, Ver.- Derivado de los hechos sucedidos ayer por la noche en nuestro municipio, con profunda tristeza y total indignaci\u00f3n condenamos el cobarde atentado en el que perdieron la vida el exalcalde Esteban Alfonseca Salazar y el exregidor Edmundo Mart\u00ednez P\u00e9rez. Nuestra solidaridad y m\u00e1s sinceras condolencias est\u00e1 con sus familias, amigos, seres queridos [&hellip;]<\/p>\n","protected":false},"author":2476,"featured_media":67093,"comment_status":"open","ping_status":"open","sticky":false,"template":"","format":"standard","meta":{"_jetpack_memberships_contains_paid_content":false,"footnotes":""},"categories":[8],"tags":[],"class_list":["post-67092","post","type-post","status-publish","format-standard","has-post-thumbnail","hentry","category-region"],"jetpack_featured_media_url":"https:\/\/encuentroinformativo.com.mx\/wp-content\/uploads\/2025\/05\/Screenshot_20250513-140201.png","jetpack_sharing_enabled":true,"jetpack_likes_enabled":true,"amp_enabled":true,"_links":{"self":[{"href":"https:\/\/encuentroinformativo.com.mx\/index.php?rest_route=\/wp\/v2\/posts\/67092","targetHints":{"allow":["GET"]}}],"collection":[{"href":"https:\/\/encuentroinformativo.com.mx\/index.php?rest_route=\/wp\/v2\/posts"}],"about":[{"href":"https:\/\/encuentroinformativo.com.mx\/index.php?rest_route=\/wp\/v2\/types\/post"}],"author":[{"embeddable":true,"href":"https:\/\/encuentroinformativo.com.mx\/index.php?rest_route=\/wp\/v2\/users\/2476"}],"replies":[{"embeddable":true,"href":"https:\/\/encuentroinformativo.com.mx\/index.php?rest_route=%2Fwp%2Fv2%2Fcomments&post=67092"}],"version-history":[{"count":1,"href":"https:\/\/encuentroinformativo.com.mx\/index.php?rest_route=\/wp\/v2\/posts\/67092\/revisions"}],"predecessor-version":[{"id":67094,"href":"https:\/\/encuentroinformativo.com.mx\/index.php?rest_route=\/wp\/v2\/posts\/67092\/revisions\/67094"}],"wp:featuredmedia":[{"embeddable":true,"href":"https:\/\/encuentroinformativo.com.mx\/index.php?rest_route=\/wp\/v2\/media\/67093"}],"wp:attachment":[{"href":"https:\/\/encuentroinformativo.com.mx\/index.php?rest_route=%2Fwp%2Fv2%2Fmedia&parent=67092"}],"wp:term":[{"taxonomy":"category","embeddable":true,"href":"https:\/\/encuentroinformativo.com.mx\/index.php?rest_route=%2Fwp%2Fv2%2Fcategories&post=67092"},{"taxonomy":"post_tag","embeddable":true,"href":"https:\/\/encuentroinformativo.com.mx\/index.php?rest_route=%2Fwp%2Fv2%2Ftags&post=67092"}],"curies":[{"name":"wp","href":"https:\/\/api.w.org\/{rel}","templated":true}]}}