{"id":67095,"date":"2025-05-13T16:10:42","date_gmt":"2025-05-13T22:10:42","guid":{"rendered":"https:\/\/encuentroinformativo.com.mx\/?p=67095"},"modified":"2025-05-13T16:10:42","modified_gmt":"2025-05-13T22:10:42","slug":"detienen-a-lider-campesino-por-presunta-participacion-en-homicidio-de-yesenia-lara","status":"publish","type":"post","link":"https:\/\/encuentroinformativo.com.mx\/?p=67095","title":{"rendered":"Detienen a l\u00edder campesino por presunta participaci\u00f3n en homicidio de Yesenia Lara"},"content":{"rendered":"<p><strong>Dar\u00edo Pale<\/strong><\/p>\n<p>Xalapa, Ver.- Elementos de la Fiscal\u00eda General del Estado llevaron a cabo la detenci\u00f3n de Domingo N l\u00edder campesino y ex precandidato a la alcald\u00eda de Texistepec por el partido Morena, se\u00f1alado de<\/p>\n<p>Lo anterior por su presunta participaci\u00f3n en los hechos de violencia donde perdi\u00f3 la vida la candidata de Morena y cuatro personas m\u00e1s el pasado domingo en ese municipio.<\/p>\n<p>Seg\u00fan trascendi\u00f3 la detenci\u00f3n de esta persona por lo que est\u00e1n a la espera de que las autoridades den a conocer de forma oficial su situaci\u00f3n jur\u00eddica, pero al momento es la informaci\u00f3n que se esta manejando en diferentes redes sociales de esa zona.<\/p>\n<p>La FGE mediante un comunicado confirm\u00f3 la detenci\u00f3n de Domingo N esto, tras un fuerte dispositivo de seguridad donde participaron los tres niveles de gobierno y centenares de patrullas fue detenido en el municipio de Texistepec el dirigente del grupo de campesinos &#8220;Unidos por Texistepec&#8221;.<\/p>\n<p>Este personaje es toda una figura en el municipio, s\u00faper h\u00e9roe para algunos y delincuentes para otros, en su recorrido se ha cobijado en la pol\u00edtica y la asociaci\u00f3n civil que tiene tomada la ex minera tambi\u00e9n conocida como Ex- Cedi terreno que lleva a\u00f1os en una gran lucha entre grupos que quieren controlar el poder en el municipio azufrero.<\/p>\n<p>La Fiscal\u00eda General del Estado informa que elementos de la Polic\u00eda Ministerial, en coordinaci\u00f3n con Fuerzas Federales y Estatales cumplimentaron una orden de aprehensi\u00f3n emitida por la autoridad judicial con sede en este distrito, en contra de Domingo \u201cN\u201d como probable responsable del delito de homicidio doloso, en agravio de la v\u00edctima identificada con las iniciales S.R.R.<\/p>\n<p>Los hechos ocurrieron el 16 de diciembre de 2022, en la colonia Centro del municipio de Texistepec.<\/p>\n<p>Respetando sus derechos humanos y el debido proceso, el detenido ser\u00e1 presentado en pr\u00f3xima audiencia inicial ante el juez que lo requiere para que defina su situaci\u00f3n jur\u00eddica.<\/p>\n","protected":false},"excerpt":{"rendered":"<p>Dar\u00edo Pale Xalapa, Ver.- Elementos de la Fiscal\u00eda General del Estado llevaron a cabo la detenci\u00f3n de Domingo N l\u00edder campesino y ex precandidato a la alcald\u00eda de Texistepec por el partido Morena, se\u00f1alado de Lo anterior por su presunta participaci\u00f3n en los hechos de violencia donde perdi\u00f3 la vida la candidata de Morena y [&hellip;]<\/p>\n","protected":false},"author":2476,"featured_media":67096,"comment_status":"open","ping_status":"open","sticky":false,"template":"","format":"standard","meta":{"_jetpack_memberships_contains_paid_content":false,"footnotes":""},"categories":[14],"tags":[],"class_list":["post-67095","post","type-post","status-publish","format-standard","has-post-thumbnail","hentry","category-policiaca"],"jetpack_featured_media_url":"https:\/\/encuentroinformativo.com.mx\/wp-content\/uploads\/2025\/05\/IMG-20250513-WA0212.jpg","jetpack_sharing_enabled":true,"jetpack_likes_enabled":true,"amp_enabled":true,"_links":{"self":[{"href":"https:\/\/encuentroinformativo.com.mx\/index.php?rest_route=\/wp\/v2\/posts\/67095","targetHints":{"allow":["GET"]}}],"collection":[{"href":"https:\/\/encuentroinformativo.com.mx\/index.php?rest_route=\/wp\/v2\/posts"}],"about":[{"href":"https:\/\/encuentroinformativo.com.mx\/index.php?rest_route=\/wp\/v2\/types\/post"}],"author":[{"embeddable":true,"href":"https:\/\/encuentroinformativo.com.mx\/index.php?rest_route=\/wp\/v2\/users\/2476"}],"replies":[{"embeddable":true,"href":"https:\/\/encuentroinformativo.com.mx\/index.php?rest_route=%2Fwp%2Fv2%2Fcomments&post=67095"}],"version-history":[{"count":1,"href":"https:\/\/encuentroinformativo.com.mx\/index.php?rest_route=\/wp\/v2\/posts\/67095\/revisions"}],"predecessor-version":[{"id":67097,"href":"https:\/\/encuentroinformativo.com.mx\/index.php?rest_route=\/wp\/v2\/posts\/67095\/revisions\/67097"}],"wp:featuredmedia":[{"embeddable":true,"href":"https:\/\/encuentroinformativo.com.mx\/index.php?rest_route=\/wp\/v2\/media\/67096"}],"wp:attachment":[{"href":"https:\/\/encuentroinformativo.com.mx\/index.php?rest_route=%2Fwp%2Fv2%2Fmedia&parent=67095"}],"wp:term":[{"taxonomy":"category","embeddable":true,"href":"https:\/\/encuentroinformativo.com.mx\/index.php?rest_route=%2Fwp%2Fv2%2Fcategories&post=67095"},{"taxonomy":"post_tag","embeddable":true,"href":"https:\/\/encuentroinformativo.com.mx\/index.php?rest_route=%2Fwp%2Fv2%2Ftags&post=67095"}],"curies":[{"name":"wp","href":"https:\/\/api.w.org\/{rel}","templated":true}]}}