{"id":67108,"date":"2025-05-13T22:36:22","date_gmt":"2025-05-14T04:36:22","guid":{"rendered":"https:\/\/encuentroinformativo.com.mx\/?p=67108"},"modified":"2025-05-13T22:36:22","modified_gmt":"2025-05-14T04:36:22","slug":"establecen-formato-de-entrevista-para-aspirantes-a-la-fiscalia-anticorrupcion","status":"publish","type":"post","link":"https:\/\/encuentroinformativo.com.mx\/?p=67108","title":{"rendered":"Establecen formato de entrevista para aspirantes a la Fiscal\u00eda Anticorrupci\u00f3n"},"content":{"rendered":"<p><strong>* Los diputados Diego Casta\u00f1eda y Adri\u00e1n Sigfrido \u00c1vila y la diputada Ingrid Calder\u00f3n exhortan a las y los ciudadanos a participar en este ejercicio democr\u00e1tico.<\/strong><\/p>\n<p style=\"font-weight: 400;\">Xalapa, Ver.- Como parte de los trabajos para la designaci\u00f3n de la titularidad de la Fiscal\u00eda Especializada en Combate a la Corrupci\u00f3n, la Comisi\u00f3n Permanente de Procuraci\u00f3n de Justicia de la LXVII Legislatura sign\u00f3 el acta en la cual se establecen las disposiciones a que habr\u00e1n de sujetarse las entrevistas de las personas que aspiran al cargo.<\/p>\n<p style=\"font-weight: 400;\">Los diputados Diego Casta\u00f1eda Aburto y Adri\u00e1n Sigfrido \u00c1vila Estrada y la diputada Ingrid Jeny Calder\u00f3n Dom\u00ednguez, presidente, secretario y vocal, de la citada instancia legislativa, hicieron el llamado a las y los ciudadanos, organizaciones, instituciones acad\u00e9micas y p\u00fablico en general a participar de este ejercicio democr\u00e1tico.<\/p>\n<p style=\"font-weight: 400;\">El legislador Diego Casta\u00f1eda inform\u00f3 que este d\u00eda se reuni\u00f3 con la diputada y el diputado para establecer el formato que habr\u00e1 de regir a las entrevistas y que tienen relaci\u00f3n con el orden de participaci\u00f3n, los tiempos para una exposici\u00f3n inicial, la pregunta o preguntas que habr\u00e1n de realizarse a las personas participantes, entre otros.<\/p>\n<p style=\"font-weight: 400;\">Destac\u00f3 que, de esta manera, el Congreso del Estado de Veracruz da cumplimiento puntual a sus obligaciones legales y que lo hace de forma transparente y democr\u00e1tica.<\/p>\n<p style=\"font-weight: 400;\">Asimismo indic\u00f3 que de conformidad con lo que dispone la Convocatoria, la Comisi\u00f3n de Procuraci\u00f3n de Justicia recibir\u00e1 hasta el d\u00eda viernes 16 de mayo a las 18:00 horas las propuestas y que, posteriormente, revisar\u00e1 y validar\u00e1 que cumplan con los requisitos y la documentaci\u00f3n correspondiente.<\/p>\n<p style=\"font-weight: 400;\">Las entrevistas ser\u00e1n transmitidas a trav\u00e9s del portal de Internet del Congreso del Estado y por las redes sociales del mismo.<\/p>\n<p style=\"font-weight: 400;\">De lo realizado, se entregar\u00e1 un informe a la Junta de Coordinaci\u00f3n Pol\u00edtica (Jucopo).<\/p>\n<p style=\"font-weight: 400;\">\n","protected":false},"excerpt":{"rendered":"<p>* Los diputados Diego Casta\u00f1eda y Adri\u00e1n Sigfrido \u00c1vila y la diputada Ingrid Calder\u00f3n exhortan a las y los ciudadanos a participar en este ejercicio democr\u00e1tico. Xalapa, Ver.- Como parte de los trabajos para la designaci\u00f3n de la titularidad de la Fiscal\u00eda Especializada en Combate a la Corrupci\u00f3n, la Comisi\u00f3n Permanente de Procuraci\u00f3n de Justicia [&hellip;]<\/p>\n","protected":false},"author":2476,"featured_media":67109,"comment_status":"open","ping_status":"open","sticky":false,"template":"","format":"standard","meta":{"_jetpack_memberships_contains_paid_content":false,"footnotes":""},"categories":[2],"tags":[],"class_list":["post-67108","post","type-post","status-publish","format-standard","has-post-thumbnail","hentry","category-estado"],"jetpack_featured_media_url":"https:\/\/encuentroinformativo.com.mx\/wp-content\/uploads\/2025\/05\/NOV13MAYO2025PROCURACION1-3.jpeg","jetpack_sharing_enabled":true,"jetpack_likes_enabled":true,"amp_enabled":true,"_links":{"self":[{"href":"https:\/\/encuentroinformativo.com.mx\/index.php?rest_route=\/wp\/v2\/posts\/67108","targetHints":{"allow":["GET"]}}],"collection":[{"href":"https:\/\/encuentroinformativo.com.mx\/index.php?rest_route=\/wp\/v2\/posts"}],"about":[{"href":"https:\/\/encuentroinformativo.com.mx\/index.php?rest_route=\/wp\/v2\/types\/post"}],"author":[{"embeddable":true,"href":"https:\/\/encuentroinformativo.com.mx\/index.php?rest_route=\/wp\/v2\/users\/2476"}],"replies":[{"embeddable":true,"href":"https:\/\/encuentroinformativo.com.mx\/index.php?rest_route=%2Fwp%2Fv2%2Fcomments&post=67108"}],"version-history":[{"count":1,"href":"https:\/\/encuentroinformativo.com.mx\/index.php?rest_route=\/wp\/v2\/posts\/67108\/revisions"}],"predecessor-version":[{"id":67110,"href":"https:\/\/encuentroinformativo.com.mx\/index.php?rest_route=\/wp\/v2\/posts\/67108\/revisions\/67110"}],"wp:featuredmedia":[{"embeddable":true,"href":"https:\/\/encuentroinformativo.com.mx\/index.php?rest_route=\/wp\/v2\/media\/67109"}],"wp:attachment":[{"href":"https:\/\/encuentroinformativo.com.mx\/index.php?rest_route=%2Fwp%2Fv2%2Fmedia&parent=67108"}],"wp:term":[{"taxonomy":"category","embeddable":true,"href":"https:\/\/encuentroinformativo.com.mx\/index.php?rest_route=%2Fwp%2Fv2%2Fcategories&post=67108"},{"taxonomy":"post_tag","embeddable":true,"href":"https:\/\/encuentroinformativo.com.mx\/index.php?rest_route=%2Fwp%2Fv2%2Ftags&post=67108"}],"curies":[{"name":"wp","href":"https:\/\/api.w.org\/{rel}","templated":true}]}}