{"id":67111,"date":"2025-05-13T22:42:38","date_gmt":"2025-05-14T04:42:38","guid":{"rendered":"https:\/\/encuentroinformativo.com.mx\/?p=67111"},"modified":"2025-05-13T22:42:38","modified_gmt":"2025-05-14T04:42:38","slug":"colaboran-congreso-ivm-en-favor-de-las-mujeres-en-municipios","status":"publish","type":"post","link":"https:\/\/encuentroinformativo.com.mx\/?p=67111","title":{"rendered":"Colaboran Congreso-IVM en favor de las mujeres en municipios"},"content":{"rendered":"<p><strong>* En reuni\u00f3n de trabajo, autoridades analizan posibles v\u00edas para avanzar en materia de g\u00e9nero.<\/strong><\/p>\n<p style=\"font-weight: 400;\">Xalapa, Ver.- Autoridades de este Congreso y del Instituto Veracruzano de las Mujeres (IVM) llevaron a cabo una reuni\u00f3n de trabajo, con el prop\u00f3sito de fortalecer la colaboraci\u00f3n interinstitucional y avanzar en la implementaci\u00f3n de acciones de apoyo a las mujeres en los municipios.<\/p>\n<p style=\"font-weight: 400;\">Participaron, por el Congreso del Estado, la titular de la Secretar\u00eda de Fiscalizaci\u00f3n, Alma Leticia Pati\u00f1o Gabriel; la encargada del Centro de Estudios para la Igualdad de G\u00e9nero y Derechos Humanos (CEIGDH), Roc\u00edo del Carmen Bautista Parada; el jefe del Departamento de Capacitaci\u00f3n, Asesor\u00eda, Revisi\u00f3n y Supervisi\u00f3n a Municipios, Juan Carlos Pati\u00f1o P\u00e9rez, y, en apoyo al CEIGDH, Martha Mendoza Parissi.<\/p>\n<p style=\"font-weight: 400;\">Por el IVM, su directora, Zaira Fabiola del Toro Olivares; la subdirectora de Vinculaci\u00f3n Institucional y Fortalecimiento Municipal, Diana Liseth Abad Ram\u00edrez; la jefa de la Oficina de Fortalecimiento Institucional, Ivonnet Palmeros Mart\u00ednez, y el jefe de la Oficina Ciudadana y Pol\u00edticas P\u00fablicas de G\u00e9nero, Emmanuel Rodr\u00edguez Reyes.<\/p>\n","protected":false},"excerpt":{"rendered":"<p>* En reuni\u00f3n de trabajo, autoridades analizan posibles v\u00edas para avanzar en materia de g\u00e9nero. Xalapa, Ver.- Autoridades de este Congreso y del Instituto Veracruzano de las Mujeres (IVM) llevaron a cabo una reuni\u00f3n de trabajo, con el prop\u00f3sito de fortalecer la colaboraci\u00f3n interinstitucional y avanzar en la implementaci\u00f3n de acciones de apoyo a las [&hellip;]<\/p>\n","protected":false},"author":2476,"featured_media":67113,"comment_status":"open","ping_status":"open","sticky":false,"template":"","format":"standard","meta":{"_jetpack_memberships_contains_paid_content":false,"footnotes":""},"categories":[2],"tags":[],"class_list":["post-67111","post","type-post","status-publish","format-standard","has-post-thumbnail","hentry","category-estado"],"jetpack_featured_media_url":"https:\/\/encuentroinformativo.com.mx\/wp-content\/uploads\/2025\/05\/NOV13MAYO2025IVM12-scaled.jpeg","jetpack_sharing_enabled":true,"jetpack_likes_enabled":true,"amp_enabled":true,"_links":{"self":[{"href":"https:\/\/encuentroinformativo.com.mx\/index.php?rest_route=\/wp\/v2\/posts\/67111","targetHints":{"allow":["GET"]}}],"collection":[{"href":"https:\/\/encuentroinformativo.com.mx\/index.php?rest_route=\/wp\/v2\/posts"}],"about":[{"href":"https:\/\/encuentroinformativo.com.mx\/index.php?rest_route=\/wp\/v2\/types\/post"}],"author":[{"embeddable":true,"href":"https:\/\/encuentroinformativo.com.mx\/index.php?rest_route=\/wp\/v2\/users\/2476"}],"replies":[{"embeddable":true,"href":"https:\/\/encuentroinformativo.com.mx\/index.php?rest_route=%2Fwp%2Fv2%2Fcomments&post=67111"}],"version-history":[{"count":1,"href":"https:\/\/encuentroinformativo.com.mx\/index.php?rest_route=\/wp\/v2\/posts\/67111\/revisions"}],"predecessor-version":[{"id":67112,"href":"https:\/\/encuentroinformativo.com.mx\/index.php?rest_route=\/wp\/v2\/posts\/67111\/revisions\/67112"}],"wp:featuredmedia":[{"embeddable":true,"href":"https:\/\/encuentroinformativo.com.mx\/index.php?rest_route=\/wp\/v2\/media\/67113"}],"wp:attachment":[{"href":"https:\/\/encuentroinformativo.com.mx\/index.php?rest_route=%2Fwp%2Fv2%2Fmedia&parent=67111"}],"wp:term":[{"taxonomy":"category","embeddable":true,"href":"https:\/\/encuentroinformativo.com.mx\/index.php?rest_route=%2Fwp%2Fv2%2Fcategories&post=67111"},{"taxonomy":"post_tag","embeddable":true,"href":"https:\/\/encuentroinformativo.com.mx\/index.php?rest_route=%2Fwp%2Fv2%2Ftags&post=67111"}],"curies":[{"name":"wp","href":"https:\/\/api.w.org\/{rel}","templated":true}]}}