{"id":67118,"date":"2025-05-14T12:54:44","date_gmt":"2025-05-14T18:54:44","guid":{"rendered":"https:\/\/encuentroinformativo.com.mx\/?p=67118"},"modified":"2025-05-14T12:54:44","modified_gmt":"2025-05-14T18:54:44","slug":"es-candidata-a-jueza-en-veracruz-y-pertenece-al-circulo-cercano-del-ministro-arturo-zaldivar","status":"publish","type":"post","link":"https:\/\/encuentroinformativo.com.mx\/?p=67118","title":{"rendered":"Es candidata a Jueza en Veracruz y pertenece al c\u00edrculo cercano del Ministro, Arturo Zald\u00edvar"},"content":{"rendered":"<p><strong>Alejandro \u00c1vila<\/strong><\/p>\n<p>Veracruz, Ver.- Daniela del Carmen Su\u00e1rez de los Santos, candidata a jueza de distrito en materia mixta, ha sido se\u00f1alada por formar parte del equipo cercano del ministro en retiro Arturo Zald\u00edvar, quien present\u00f3 su renuncia a la Suprema Corte de Justicia de la Naci\u00f3n en noviembre de 2023 para integrarse al equipo de la entonces presidenta electa, Claudia Sheinbaum.<\/p>\n<p>El portal Aristegui Online public\u00f3 un adelanto del libro &#8220;El Ministro en el Poder&#8221; Un infiltrado en la 4T, en el que el autor, Hern\u00e1n G\u00f3mez, acusa a Zald\u00edvar de no tener una formaci\u00f3n s\u00f3lida en la izquierda y de haber enga\u00f1ado al expresidente Andr\u00e9s Manuel L\u00f3pez Obrador.<\/p>\n<p>En el libro, G\u00f3mez afirma que la abogada y exdirectora general de Derechos Humanos de la Suprema Corte es parte del c\u00edrculo cercano de Zald\u00edvar, quien supuestamente la habr\u00eda propuesto personalmente como candidata a jueza de distrito en materia mixta en Veracruz.<\/p>\n<p>Su\u00e1rez de los Santos ha declarado p\u00fablicamente en diversas ocasiones que uno de los primeros cargos de alto nivel en su trayectoria fue su incorporaci\u00f3n, en 2016, como profesional operativa en la ponencia del entonces Ministro presidente, Arturo Zald\u00edvar.<\/p>\n<p>Seg\u00fan consta en su curr\u00edculum publicado en la plataforma \u201cCon\u00f3celes\u201d del INE, accedi\u00f3 al cargo mediante un examen de oposici\u00f3n, despu\u00e9s ocup\u00f3 el cargo de asesora, coordinadora y secretaria tambi\u00e9n en la Presidencia del Ministro Zald\u00edvar.<\/p>\n<p>Posteriormente, ascendi\u00f3 a subdirectora general de Derechos Humanos, y el mismo ministro Zald\u00edvar la nombr\u00f3 Encargada del Despacho de la Direcci\u00f3n General de Derechos Humanos, lo cual habla de su \u00edntima relaci\u00f3n con el ministro en retiro.<\/p>\n<p>Actualmente, Daniela Su\u00e1rez se encuentra en campa\u00f1a para ser electa como jueza de distrito en materia mixta, en el marco de la primera elecci\u00f3n popular de personas juzgadoras en M\u00e9xico.<\/p>\n","protected":false},"excerpt":{"rendered":"<p>Alejandro \u00c1vila Veracruz, Ver.- Daniela del Carmen Su\u00e1rez de los Santos, candidata a jueza de distrito en materia mixta, ha sido se\u00f1alada por formar parte del equipo cercano del ministro en retiro Arturo Zald\u00edvar, quien present\u00f3 su renuncia a la Suprema Corte de Justicia de la Naci\u00f3n en noviembre de 2023 para integrarse al equipo [&hellip;]<\/p>\n","protected":false},"author":2476,"featured_media":67119,"comment_status":"open","ping_status":"open","sticky":false,"template":"","format":"standard","meta":{"_jetpack_memberships_contains_paid_content":false,"footnotes":""},"categories":[2],"tags":[],"class_list":["post-67118","post","type-post","status-publish","format-standard","has-post-thumbnail","hentry","category-estado"],"jetpack_featured_media_url":"https:\/\/encuentroinformativo.com.mx\/wp-content\/uploads\/2025\/05\/IMG-20250514-WA00862.jpg","jetpack_sharing_enabled":true,"jetpack_likes_enabled":true,"amp_enabled":true,"_links":{"self":[{"href":"https:\/\/encuentroinformativo.com.mx\/index.php?rest_route=\/wp\/v2\/posts\/67118","targetHints":{"allow":["GET"]}}],"collection":[{"href":"https:\/\/encuentroinformativo.com.mx\/index.php?rest_route=\/wp\/v2\/posts"}],"about":[{"href":"https:\/\/encuentroinformativo.com.mx\/index.php?rest_route=\/wp\/v2\/types\/post"}],"author":[{"embeddable":true,"href":"https:\/\/encuentroinformativo.com.mx\/index.php?rest_route=\/wp\/v2\/users\/2476"}],"replies":[{"embeddable":true,"href":"https:\/\/encuentroinformativo.com.mx\/index.php?rest_route=%2Fwp%2Fv2%2Fcomments&post=67118"}],"version-history":[{"count":1,"href":"https:\/\/encuentroinformativo.com.mx\/index.php?rest_route=\/wp\/v2\/posts\/67118\/revisions"}],"predecessor-version":[{"id":67120,"href":"https:\/\/encuentroinformativo.com.mx\/index.php?rest_route=\/wp\/v2\/posts\/67118\/revisions\/67120"}],"wp:featuredmedia":[{"embeddable":true,"href":"https:\/\/encuentroinformativo.com.mx\/index.php?rest_route=\/wp\/v2\/media\/67119"}],"wp:attachment":[{"href":"https:\/\/encuentroinformativo.com.mx\/index.php?rest_route=%2Fwp%2Fv2%2Fmedia&parent=67118"}],"wp:term":[{"taxonomy":"category","embeddable":true,"href":"https:\/\/encuentroinformativo.com.mx\/index.php?rest_route=%2Fwp%2Fv2%2Fcategories&post=67118"},{"taxonomy":"post_tag","embeddable":true,"href":"https:\/\/encuentroinformativo.com.mx\/index.php?rest_route=%2Fwp%2Fv2%2Ftags&post=67118"}],"curies":[{"name":"wp","href":"https:\/\/api.w.org\/{rel}","templated":true}]}}