{"id":67132,"date":"2025-05-14T13:41:32","date_gmt":"2025-05-14T19:41:32","guid":{"rendered":"https:\/\/encuentroinformativo.com.mx\/?p=67132"},"modified":"2025-05-14T13:41:32","modified_gmt":"2025-05-14T19:41:32","slug":"ultimo-adios-a-yesenia-lara-en-texistepec-comunidad-exige-justicia","status":"publish","type":"post","link":"https:\/\/encuentroinformativo.com.mx\/?p=67132","title":{"rendered":"\u00daltimo adi\u00f3s a Yesenia Lara en Texistepec; comunidad exige justicia\u00a0"},"content":{"rendered":"<p><strong>Jos\u00e9 Vargas<\/strong><\/p>\n<p>Texistepec, Ver.- En medio de un ambiente cargado de dolor, indignaci\u00f3n y temor, familiares, amigos, simpatizantes y vecinos despidieron este martes a Yesenia Lara, candidata de Morena a la alcald\u00eda de Texistepec, quien fue asesinada recientemente en un hecho que ha sacudido a toda la regi\u00f3n.<\/p>\n<p>El cuerpo de la aspirante fue velado en su domicilio, ubicado en la comunidad de Las Camelias, donde decenas de personas se congregaron para darle el \u00faltimo adi\u00f3s. A las cinco de la tarde, en medio de llantos, aplausos y gritos de \u201c\u00a1Justicia!\u201d, el f\u00e9retro parti\u00f3 en cortejo f\u00fanebre rumbo al pante\u00f3n de San Lorenzo Tenochtitl\u00e1n, donde sus restos fueron sepultados.<\/p>\n<p>El recorrido fue escoltado por elementos de la Polic\u00eda Estatal y la Secretar\u00eda de Marina Armada de M\u00e9xico, ante el temor latente de un nuevo ataque. La tensi\u00f3n era evidente entre los asistentes, no solo por el crimen contra Lara, sino tambi\u00e9n por la reciente detenci\u00f3n de un l\u00edder campesino, se\u00f1alado como presunto responsable del asesinato del exalcalde Sa\u00fal Reyes. Esta detenci\u00f3n ha generado dudas y comentarios entre los pobladores, quienes temen que se trate de un \u201cchivo expiatorio\u201d.<\/p>\n<p>\u201cSolo pedimos que el verdadero culpable pague, no queremos que inocentes terminen pagando por los hechos violentos que han marcado a nuestro municipio\u201d, expres\u00f3 una de las asistentes al funeral.<\/p>\n<p>La comunidad ha alzado la voz ante la creciente violencia que se vive en Texistepec. Como muestra de ello, este mismo d\u00eda, a las cinco de la tarde, se espera la realizaci\u00f3n de una mega marcha por la paz, convocada por ciudadanos que exigen un alto a los asesinatos pol\u00edticos y a la impunidad.<\/p>\n<p style=\"text-align: left;\">Texistepec atraviesa uno de los momentos m\u00e1s cr\u00edticos de su historia reciente. El asesinato de Yesenia Lara no solo representa una tragedia personal para su familia, sino tambi\u00e9n un duro golpe a la democracia local y a la tranquilidad de una poblaci\u00f3n que hoy clama, m\u00e1s que nunca, por justicia y paz.<\/p>\n<p><img loading=\"lazy\" decoding=\"async\" class=\"alignnone size-medium wp-image-67135\" src=\"https:\/\/encuentroinformativo.com.mx\/wp-content\/uploads\/2025\/05\/IMG-20250514-WA0096-300x169.jpg\" alt=\"\" width=\"300\" height=\"169\" srcset=\"https:\/\/encuentroinformativo.com.mx\/wp-content\/uploads\/2025\/05\/IMG-20250514-WA0096-300x169.jpg 300w, https:\/\/encuentroinformativo.com.mx\/wp-content\/uploads\/2025\/05\/IMG-20250514-WA0096-1024x576.jpg 1024w, https:\/\/encuentroinformativo.com.mx\/wp-content\/uploads\/2025\/05\/IMG-20250514-WA0096-768x432.jpg 768w, https:\/\/encuentroinformativo.com.mx\/wp-content\/uploads\/2025\/05\/IMG-20250514-WA0096-1536x864.jpg 1536w, https:\/\/encuentroinformativo.com.mx\/wp-content\/uploads\/2025\/05\/IMG-20250514-WA0096.jpg 2048w\" sizes=\"auto, (max-width: 300px) 100vw, 300px\" \/><\/p>\n","protected":false},"excerpt":{"rendered":"<p>Jos\u00e9 Vargas Texistepec, Ver.- En medio de un ambiente cargado de dolor, indignaci\u00f3n y temor, familiares, amigos, simpatizantes y vecinos despidieron este martes a Yesenia Lara, candidata de Morena a la alcald\u00eda de Texistepec, quien fue asesinada recientemente en un hecho que ha sacudido a toda la regi\u00f3n. El cuerpo de la aspirante fue velado [&hellip;]<\/p>\n","protected":false},"author":2476,"featured_media":67133,"comment_status":"open","ping_status":"open","sticky":false,"template":"","format":"standard","meta":{"_jetpack_memberships_contains_paid_content":false,"footnotes":""},"categories":[2],"tags":[],"class_list":["post-67132","post","type-post","status-publish","format-standard","has-post-thumbnail","hentry","category-estado"],"jetpack_featured_media_url":"https:\/\/encuentroinformativo.com.mx\/wp-content\/uploads\/2025\/05\/IMG-20250514-WA0095.jpg","jetpack_sharing_enabled":true,"jetpack_likes_enabled":true,"amp_enabled":true,"_links":{"self":[{"href":"https:\/\/encuentroinformativo.com.mx\/index.php?rest_route=\/wp\/v2\/posts\/67132","targetHints":{"allow":["GET"]}}],"collection":[{"href":"https:\/\/encuentroinformativo.com.mx\/index.php?rest_route=\/wp\/v2\/posts"}],"about":[{"href":"https:\/\/encuentroinformativo.com.mx\/index.php?rest_route=\/wp\/v2\/types\/post"}],"author":[{"embeddable":true,"href":"https:\/\/encuentroinformativo.com.mx\/index.php?rest_route=\/wp\/v2\/users\/2476"}],"replies":[{"embeddable":true,"href":"https:\/\/encuentroinformativo.com.mx\/index.php?rest_route=%2Fwp%2Fv2%2Fcomments&post=67132"}],"version-history":[{"count":2,"href":"https:\/\/encuentroinformativo.com.mx\/index.php?rest_route=\/wp\/v2\/posts\/67132\/revisions"}],"predecessor-version":[{"id":67136,"href":"https:\/\/encuentroinformativo.com.mx\/index.php?rest_route=\/wp\/v2\/posts\/67132\/revisions\/67136"}],"wp:featuredmedia":[{"embeddable":true,"href":"https:\/\/encuentroinformativo.com.mx\/index.php?rest_route=\/wp\/v2\/media\/67133"}],"wp:attachment":[{"href":"https:\/\/encuentroinformativo.com.mx\/index.php?rest_route=%2Fwp%2Fv2%2Fmedia&parent=67132"}],"wp:term":[{"taxonomy":"category","embeddable":true,"href":"https:\/\/encuentroinformativo.com.mx\/index.php?rest_route=%2Fwp%2Fv2%2Fcategories&post=67132"},{"taxonomy":"post_tag","embeddable":true,"href":"https:\/\/encuentroinformativo.com.mx\/index.php?rest_route=%2Fwp%2Fv2%2Ftags&post=67132"}],"curies":[{"name":"wp","href":"https:\/\/api.w.org\/{rel}","templated":true}]}}