{"id":67137,"date":"2025-05-14T14:30:08","date_gmt":"2025-05-14T20:30:08","guid":{"rendered":"https:\/\/encuentroinformativo.com.mx\/?p=67137"},"modified":"2025-05-14T14:30:08","modified_gmt":"2025-05-14T20:30:08","slug":"gobierno-federal-vincula-a-detenido-en-texistepec-con-asesinato-de-candidata-de-morena","status":"publish","type":"post","link":"https:\/\/encuentroinformativo.com.mx\/?p=67137","title":{"rendered":"Gobierno Federal vincula a detenido en Texistepec con asesinato de candidata de Morena"},"content":{"rendered":"<p><strong>Jos\u00e9 Vargas<\/strong><\/p>\n<p>Texistepec, Ver.- El Gobierno Federal inform\u00f3 este martes que Domingo \u201cN\u201d, detenido recientemente por el homicidio doloso calificado del exalcalde de Texistepec, tambi\u00e9n est\u00e1 siendo investigado por su presunta participaci\u00f3n en el asesinato de Yesenia Lara Guti\u00e9rrez, candidata de Morena a la alcald\u00eda de Texistepec, as\u00ed como de otras cuatro personas, durante un ataque armado ocurrido el pasado domingo 11 de mayo de 2025.<\/p>\n<p>La detenci\u00f3n fue ejecutada en un operativo coordinado por elementos de la Secretar\u00eda de Seguridad P\u00fablica de Veracruz (SSPV), la Secretar\u00eda de Marina (Semar), el Ej\u00e9rcito Mexicano, la Guardia Nacional (GN) y la Polic\u00eda Ministerial. Seg\u00fan las autoridades federales, el ahora detenido estar\u00eda directamente relacionado con los dos hechos violentos que han conmocionado al municipio en menos de tres a\u00f1os.<\/p>\n<p>El primer caso por el que se gir\u00f3 orden de aprehensi\u00f3n fue el asesinato del exalcalde Sa\u00fal Reyes Rodr\u00edguez, ocurrido el 16 de diciembre de 2022. Sin embargo, tras su captura, nuevas l\u00edneas de investigaci\u00f3n lo vinculan con el atentado del pasado domingo, donde un comando armado atac\u00f3 una caravana pol\u00edtica de Morena, resultando en la muerte de la candidata Yesenia Lara y otras cuatro personas, as\u00ed como lesiones a por lo menos dos m\u00e1s.<\/p>\n<p>Domingo \u201cN\u201d, identificado como l\u00edder campesino y exfuncionario municipal, ha sido se\u00f1alado por su posible participaci\u00f3n intelectual o material en estos cr\u00edmenes, los cuales han intensificado la crisis de seguridad en la regi\u00f3n. La noticia de su presunta implicaci\u00f3n en ambos homicidios ha provocado reacciones de indignaci\u00f3n entre la poblaci\u00f3n, as\u00ed como llamados urgentes de justicia por parte de actores pol\u00edticos y sociales.<\/p>\n<p>Mientras tanto, las campa\u00f1as pol\u00edticas en Texistepec se mantienen suspendidas por parte de todos los partidos ante el clima de violencia e inseguridad que persiste en el municipio.<\/p>\n<p>La Fiscal\u00eda General del Estado, en coordinaci\u00f3n con instancias federales, contin\u00faa con las investigaciones para determinar la responsabilidad plena del detenido y de posibles c\u00f3mplices.<\/p>\n<p><img loading=\"lazy\" decoding=\"async\" class=\"alignnone size-medium wp-image-67138\" src=\"https:\/\/encuentroinformativo.com.mx\/wp-content\/uploads\/2025\/05\/IMG-20250514-WA0113-171x300.jpg\" alt=\"\" width=\"171\" height=\"300\" srcset=\"https:\/\/encuentroinformativo.com.mx\/wp-content\/uploads\/2025\/05\/IMG-20250514-WA0113-171x300.jpg 171w, https:\/\/encuentroinformativo.com.mx\/wp-content\/uploads\/2025\/05\/IMG-20250514-WA0113-584x1024.jpg 584w, https:\/\/encuentroinformativo.com.mx\/wp-content\/uploads\/2025\/05\/IMG-20250514-WA0113-768x1347.jpg 768w, https:\/\/encuentroinformativo.com.mx\/wp-content\/uploads\/2025\/05\/IMG-20250514-WA0113-876x1536.jpg 876w, https:\/\/encuentroinformativo.com.mx\/wp-content\/uploads\/2025\/05\/IMG-20250514-WA0113.jpg 945w\" sizes=\"auto, (max-width: 171px) 100vw, 171px\" \/><\/p>\n","protected":false},"excerpt":{"rendered":"<p>Jos\u00e9 Vargas Texistepec, Ver.- El Gobierno Federal inform\u00f3 este martes que Domingo \u201cN\u201d, detenido recientemente por el homicidio doloso calificado del exalcalde de Texistepec, tambi\u00e9n est\u00e1 siendo investigado por su presunta participaci\u00f3n en el asesinato de Yesenia Lara Guti\u00e9rrez, candidata de Morena a la alcald\u00eda de Texistepec, as\u00ed como de otras cuatro personas, durante un [&hellip;]<\/p>\n","protected":false},"author":2476,"featured_media":67138,"comment_status":"open","ping_status":"open","sticky":false,"template":"","format":"standard","meta":{"_jetpack_memberships_contains_paid_content":false,"footnotes":""},"categories":[2],"tags":[],"class_list":["post-67137","post","type-post","status-publish","format-standard","has-post-thumbnail","hentry","category-estado"],"jetpack_featured_media_url":"https:\/\/encuentroinformativo.com.mx\/wp-content\/uploads\/2025\/05\/IMG-20250514-WA0113.jpg","jetpack_sharing_enabled":true,"jetpack_likes_enabled":true,"amp_enabled":true,"_links":{"self":[{"href":"https:\/\/encuentroinformativo.com.mx\/index.php?rest_route=\/wp\/v2\/posts\/67137","targetHints":{"allow":["GET"]}}],"collection":[{"href":"https:\/\/encuentroinformativo.com.mx\/index.php?rest_route=\/wp\/v2\/posts"}],"about":[{"href":"https:\/\/encuentroinformativo.com.mx\/index.php?rest_route=\/wp\/v2\/types\/post"}],"author":[{"embeddable":true,"href":"https:\/\/encuentroinformativo.com.mx\/index.php?rest_route=\/wp\/v2\/users\/2476"}],"replies":[{"embeddable":true,"href":"https:\/\/encuentroinformativo.com.mx\/index.php?rest_route=%2Fwp%2Fv2%2Fcomments&post=67137"}],"version-history":[{"count":2,"href":"https:\/\/encuentroinformativo.com.mx\/index.php?rest_route=\/wp\/v2\/posts\/67137\/revisions"}],"predecessor-version":[{"id":67140,"href":"https:\/\/encuentroinformativo.com.mx\/index.php?rest_route=\/wp\/v2\/posts\/67137\/revisions\/67140"}],"wp:featuredmedia":[{"embeddable":true,"href":"https:\/\/encuentroinformativo.com.mx\/index.php?rest_route=\/wp\/v2\/media\/67138"}],"wp:attachment":[{"href":"https:\/\/encuentroinformativo.com.mx\/index.php?rest_route=%2Fwp%2Fv2%2Fmedia&parent=67137"}],"wp:term":[{"taxonomy":"category","embeddable":true,"href":"https:\/\/encuentroinformativo.com.mx\/index.php?rest_route=%2Fwp%2Fv2%2Fcategories&post=67137"},{"taxonomy":"post_tag","embeddable":true,"href":"https:\/\/encuentroinformativo.com.mx\/index.php?rest_route=%2Fwp%2Fv2%2Ftags&post=67137"}],"curies":[{"name":"wp","href":"https:\/\/api.w.org\/{rel}","templated":true}]}}