{"id":67141,"date":"2025-05-14T14:57:19","date_gmt":"2025-05-14T20:57:19","guid":{"rendered":"https:\/\/encuentroinformativo.com.mx\/?p=67141"},"modified":"2025-05-14T14:57:19","modified_gmt":"2025-05-14T20:57:19","slug":"madres-denuncian-presuntos-abusos-a-menores-en-el-cam-6-investigaciones-no-avanzan-acusan","status":"publish","type":"post","link":"https:\/\/encuentroinformativo.com.mx\/?p=67141","title":{"rendered":"Madres denuncian presuntos abusos a menores en el CAM 6; investigaciones no avanzan, acusan\u00a0"},"content":{"rendered":"<p><strong>Dar\u00edo Pale<\/strong><\/p>\n<p>Xalapa, Ver.- En Xalapa madres de familia quienes de forma an\u00f3nima denuncian abuso sexual en un centro para personas autistas, revelan una presunta red de pederastia conformada por la directora, maestra, maestro e intendente.<\/p>\n<p>En conferencia de prensa madres de familias denunciaron que en el Centro de Atenci\u00f3n M\u00faltiple (CAM) n\u00famero 6 en Xalapa, sus hijos fueron v\u00edctimas de abuso sexual en el 2023.<\/p>\n<p>Acusan una presunta red de pederastia conformada por la directora, maestra, maestro e intendente.<\/p>\n<p>Ante esa situaci\u00f3n, interpusieron tres denuncias por cada menor de edad abusado sexualmente ante la Fiscalia Coordinadora Especializada en Investigaci\u00f3n de Delitos de Violencia Contra la Familia, Mujeres, Ni\u00f1as y Ni\u00f1os y de Trata de Personas en el a\u00f1o 2023.<\/p>\n<p>Denuncian que las investigaciones no avanzan y responsabilizan a la Fiscal Mar\u00eda Ethel Santiago Hern\u00e1ndez.<\/p>\n<p>En ese sentido, dejaron en claro su temor a que estos delitos queden impunes.<\/p>\n<p>El centro de atenci\u00f3n a personas del espectro autista se ubica en la calle Amanecer en la Colonia Bellavista.<\/p>\n","protected":false},"excerpt":{"rendered":"<p>Dar\u00edo Pale Xalapa, Ver.- En Xalapa madres de familia quienes de forma an\u00f3nima denuncian abuso sexual en un centro para personas autistas, revelan una presunta red de pederastia conformada por la directora, maestra, maestro e intendente. En conferencia de prensa madres de familias denunciaron que en el Centro de Atenci\u00f3n M\u00faltiple (CAM) n\u00famero 6 en [&hellip;]<\/p>\n","protected":false},"author":2476,"featured_media":67142,"comment_status":"open","ping_status":"open","sticky":false,"template":"","format":"standard","meta":{"_jetpack_memberships_contains_paid_content":false,"footnotes":""},"categories":[3],"tags":[],"class_list":["post-67141","post","type-post","status-publish","format-standard","has-post-thumbnail","hentry","category-xalapa"],"jetpack_featured_media_url":"https:\/\/encuentroinformativo.com.mx\/wp-content\/uploads\/2025\/05\/IMG-20250514-WA0137.jpg","jetpack_sharing_enabled":true,"jetpack_likes_enabled":true,"amp_enabled":true,"_links":{"self":[{"href":"https:\/\/encuentroinformativo.com.mx\/index.php?rest_route=\/wp\/v2\/posts\/67141","targetHints":{"allow":["GET"]}}],"collection":[{"href":"https:\/\/encuentroinformativo.com.mx\/index.php?rest_route=\/wp\/v2\/posts"}],"about":[{"href":"https:\/\/encuentroinformativo.com.mx\/index.php?rest_route=\/wp\/v2\/types\/post"}],"author":[{"embeddable":true,"href":"https:\/\/encuentroinformativo.com.mx\/index.php?rest_route=\/wp\/v2\/users\/2476"}],"replies":[{"embeddable":true,"href":"https:\/\/encuentroinformativo.com.mx\/index.php?rest_route=%2Fwp%2Fv2%2Fcomments&post=67141"}],"version-history":[{"count":1,"href":"https:\/\/encuentroinformativo.com.mx\/index.php?rest_route=\/wp\/v2\/posts\/67141\/revisions"}],"predecessor-version":[{"id":67143,"href":"https:\/\/encuentroinformativo.com.mx\/index.php?rest_route=\/wp\/v2\/posts\/67141\/revisions\/67143"}],"wp:featuredmedia":[{"embeddable":true,"href":"https:\/\/encuentroinformativo.com.mx\/index.php?rest_route=\/wp\/v2\/media\/67142"}],"wp:attachment":[{"href":"https:\/\/encuentroinformativo.com.mx\/index.php?rest_route=%2Fwp%2Fv2%2Fmedia&parent=67141"}],"wp:term":[{"taxonomy":"category","embeddable":true,"href":"https:\/\/encuentroinformativo.com.mx\/index.php?rest_route=%2Fwp%2Fv2%2Fcategories&post=67141"},{"taxonomy":"post_tag","embeddable":true,"href":"https:\/\/encuentroinformativo.com.mx\/index.php?rest_route=%2Fwp%2Fv2%2Ftags&post=67141"}],"curies":[{"name":"wp","href":"https:\/\/api.w.org\/{rel}","templated":true}]}}