{"id":67192,"date":"2025-05-15T18:15:12","date_gmt":"2025-05-16T00:15:12","guid":{"rendered":"https:\/\/encuentroinformativo.com.mx\/?p=67192"},"modified":"2025-05-15T18:15:12","modified_gmt":"2025-05-16T00:15:12","slug":"mas-de-70-mil-veracruzanos-seran-funcionarios-de-casillas","status":"publish","type":"post","link":"https:\/\/encuentroinformativo.com.mx\/?p=67192","title":{"rendered":"M\u00e1s de 70 mil veracruzanos ser\u00e1n funcionarios de casillas"},"content":{"rendered":"<p><strong>Dar\u00edo Pale<\/strong><\/p>\n<p>Xalapa, Ver.- El vocal ejecutivo de Organizaci\u00f3n Electoral de la Junta Local del INE Veracruz, Asdr\u00fabal Rafael Guill\u00e9n Lugo, record\u00f3 que en total habr\u00e1 77 mil veracruzanos que participar\u00e1n como funcionarios de casillas, en tanto que 51 mil ciudadanos recibir\u00e1n los votos de la elecci\u00f3n judicial.<\/p>\n<p>En entrevista coment\u00f3 que en cada casilla habr\u00e1 siete personas, tres suplentes y cuatro personas que recibir\u00e1n las votaciones, en tanto que para la elecci\u00f3n judicial, variar\u00e1 el n\u00famero, entre 9 y 10 personas, todo depender\u00e1 del tama\u00f1o de la secci\u00f3n electoral.<\/p>\n<p>El vocal de Organizaci\u00f3n del INE Veracruz explic\u00f3 que el porcentaje faltante de personas se debe a distintas causas, por lo que a 16 d\u00edas de la jornada comicial, siguen buscando a los ciudadanos que puedan ser los suplentes.<\/p>\n<p>Algunas de las causas por las que no han localizado o no tienen al total de los funcionarios es porque primero se present\u00f3 el periodo vacacional de Semana Santa y durante el mes de mayo ha habido varios d\u00edas festivos y no han podido ser capacitados, tambi\u00e9n por cambios de domicilios, entre otros.<\/p>\n<p>En ese sentido, detall\u00f3 que han tenido que sustituir a un 22 por ciento de los funcionarios que hab\u00edan sido designados para la elecci\u00f3n municipal, es decir, 10 mil personas aproximadamente.<\/p>\n<p>En tanto que para la elecci\u00f3n judicial un aproximado de 15 mil personas son las que han tenido que ser sustituidas para poder ser funcionarios de casillas.<\/p>\n<p>En otro orden de ideas inform\u00f3 que al d\u00eda de hoy la integraci\u00f3n de las mesas de casillas van en un 99 por ciento para la elecci\u00f3n municipal y en un 97 por ciento para la elecci\u00f3n judicial, y record\u00f3 que este 1 de junio en el Estado se celebrar\u00e1n dos elecciones, la de ayuntamientos y la del Poder Judicial.<\/p>\n<p>&#8220;Se trabaja arduamente y todos nuestros pron\u00f3sticos indican que vamos a tener inclusive antes de la fecha l\u00edmite el total de nuestras casillas integradas&#8221;, se\u00f1al\u00f3.<\/p>\n<p>Record\u00f3 que para ese d\u00eda se deber\u00e1n instalar casillas independientes, pero estar\u00e1n en un mismo domicilio, la gran mayor\u00eda.<\/p>\n<p>Finalmente dio a conocer que, &#8220;son aproximadamente 11 mil casillas para la elecci\u00f3n de ayuntamientos y, alrededor de 5 mil 500 para el Poder Judicial, puedo comunicar que la integraci\u00f3n de las mesas de casillas va muy satisfactoriamente, estamos por encima del 99 por ciento de la integraci\u00f3n del caso de los ayuntamientos y por encima del 97 por ciento en lo que corresponde a las casillas del Poder Judicial&#8221;.<\/p>\n","protected":false},"excerpt":{"rendered":"<p>Dar\u00edo Pale Xalapa, Ver.- El vocal ejecutivo de Organizaci\u00f3n Electoral de la Junta Local del INE Veracruz, Asdr\u00fabal Rafael Guill\u00e9n Lugo, record\u00f3 que en total habr\u00e1 77 mil veracruzanos que participar\u00e1n como funcionarios de casillas, en tanto que 51 mil ciudadanos recibir\u00e1n los votos de la elecci\u00f3n judicial. En entrevista coment\u00f3 que en cada casilla [&hellip;]<\/p>\n","protected":false},"author":2476,"featured_media":67193,"comment_status":"open","ping_status":"open","sticky":false,"template":"","format":"standard","meta":{"_jetpack_memberships_contains_paid_content":false,"footnotes":""},"categories":[2],"tags":[],"class_list":["post-67192","post","type-post","status-publish","format-standard","has-post-thumbnail","hentry","category-estado"],"jetpack_featured_media_url":"https:\/\/encuentroinformativo.com.mx\/wp-content\/uploads\/2025\/05\/IMG-20250515-WA0102.jpg","jetpack_sharing_enabled":true,"jetpack_likes_enabled":true,"amp_enabled":true,"_links":{"self":[{"href":"https:\/\/encuentroinformativo.com.mx\/index.php?rest_route=\/wp\/v2\/posts\/67192","targetHints":{"allow":["GET"]}}],"collection":[{"href":"https:\/\/encuentroinformativo.com.mx\/index.php?rest_route=\/wp\/v2\/posts"}],"about":[{"href":"https:\/\/encuentroinformativo.com.mx\/index.php?rest_route=\/wp\/v2\/types\/post"}],"author":[{"embeddable":true,"href":"https:\/\/encuentroinformativo.com.mx\/index.php?rest_route=\/wp\/v2\/users\/2476"}],"replies":[{"embeddable":true,"href":"https:\/\/encuentroinformativo.com.mx\/index.php?rest_route=%2Fwp%2Fv2%2Fcomments&post=67192"}],"version-history":[{"count":1,"href":"https:\/\/encuentroinformativo.com.mx\/index.php?rest_route=\/wp\/v2\/posts\/67192\/revisions"}],"predecessor-version":[{"id":67194,"href":"https:\/\/encuentroinformativo.com.mx\/index.php?rest_route=\/wp\/v2\/posts\/67192\/revisions\/67194"}],"wp:featuredmedia":[{"embeddable":true,"href":"https:\/\/encuentroinformativo.com.mx\/index.php?rest_route=\/wp\/v2\/media\/67193"}],"wp:attachment":[{"href":"https:\/\/encuentroinformativo.com.mx\/index.php?rest_route=%2Fwp%2Fv2%2Fmedia&parent=67192"}],"wp:term":[{"taxonomy":"category","embeddable":true,"href":"https:\/\/encuentroinformativo.com.mx\/index.php?rest_route=%2Fwp%2Fv2%2Fcategories&post=67192"},{"taxonomy":"post_tag","embeddable":true,"href":"https:\/\/encuentroinformativo.com.mx\/index.php?rest_route=%2Fwp%2Fv2%2Ftags&post=67192"}],"curies":[{"name":"wp","href":"https:\/\/api.w.org\/{rel}","templated":true}]}}