{"id":67195,"date":"2025-05-15T18:24:24","date_gmt":"2025-05-16T00:24:24","guid":{"rendered":"https:\/\/encuentroinformativo.com.mx\/?p=67195"},"modified":"2025-05-15T18:24:24","modified_gmt":"2025-05-16T00:24:24","slug":"se-gobierna-con-dialogo-y-caracter-ricardo-ahued","status":"publish","type":"post","link":"https:\/\/encuentroinformativo.com.mx\/?p=67195","title":{"rendered":"Se gobierna con di\u00e1logo y car\u00e1cter: Ricardo Ahued"},"content":{"rendered":"<p><strong>Dario Pale<\/strong><\/p>\n<p>Xalapa, Ver.- El secretario de gobierno Ricardo Ahued Bardahuil dio a conocer que, \u201ctenemos que gobernar ahorita mismo para el presente, pero gobernar el pasado que tenemos que corregir y pues son dos frentes que estamos atendiendo todos\u201d.<\/p>\n<p>En entrevista para una estaci\u00f3n de radio se\u00f1al\u00f3 que, la pol\u00edtica que ha implementado la gobernadora Norma Roc\u00edo Nahle Garc\u00eda es di\u00e1logo, respeto, car\u00e1cter y no confundir la decencia, la transparencia, en no intervenir, en respetar los niveles de gobierno, en respetar las leyes y las normas con falta de car\u00e1cter.<\/p>\n<p>\u201cEstamos trabajando intensamente en todo el estado para todos los asuntos y los problemas y aplicando la ley, a quien le parezca y al que no tambi\u00e9n, pero se aplica la ley con car\u00e1cter, tenemos una gobernadora con gran car\u00e1cter, me ha encomendado y s\u00e9 cu\u00e1l es mi responsabilidad, no somos muy medi\u00e1ticos, somos respetuosos del gobierno\u201d, se\u00f1al\u00f3.<\/p>\n<p>\u201cTampoco somos bandoleros, tampoco somos una secretar\u00eda que se dedique a molestar a las y los alcaldes, a los actores pol\u00edticos a la sociedad y sacar provecho de un encargo que se convert\u00eda de repente en un bot\u00edn pol\u00edtico, econ\u00f3mico y delincuencial, se acab\u00f3, conmigo se acab\u00f3, yo tengo una carrera de muchos a\u00f1os en esto de hacer pol\u00edtica y me he mostrado con rectitud y pues a veces confunden la decencia con la falta de car\u00e1cter, pero yo te aseguro que no falta car\u00e1cter ni determinaci\u00f3n, soy persona que tomo decisiones bajo el marco legal\u201d, agreg\u00f3.<\/p>\n<p>Dijo que son leales al gobierno que encabeza la gobernadora est\u00e1 poniendo orden, les cuesta trabajo, los cuestionan y quisieran que fueran bandoleros o que estuvieran molestando pero eso no va a pasar ya que toma su cargo con respeto y con seriedad, con mucha actitud y trabaja pr\u00e1cticamente las 24 horas del d\u00eda.<\/p>\n<p>\u201cYo s\u00e9 que tambi\u00e9n el lugar es muy interesante para mucha gente que quisieran que fuera el pasado el que predominar\u00e1 donde se extorsionaba, se espantaba, se faltaban a los medios de comunicaci\u00f3n, faltaban libertad y conmigo no pasa eso, es un gobierno de puertas abiertas, tengo m\u00e1s de 4 mil 870 audiencias en lo que llevamos en este gobierno, ah\u00ed tenemos los datos y los tenemos corroborados, atiendo a todos los partidos, atendemos a todos los actores, atendemos a la sociedad y est\u00e9 o no est\u00e9 a favor de nuestro gobierno, pero con respeto y con la legalidad\u201d, coment\u00f3.<\/p>\n<p>Dio a conocer que su trabajo no es estar meti\u00e9ndose con los secretarios, alcaldes, a buscar negocios chuecos, tratar de ponerle zancadillas a la gente, ya que es una persona recta y se va conforme las normas y las leyes por lo que hoy en la secretar\u00eda se vive en un ambiente de tranquilidad de transparencia, no andan buscando negocios ni a ver a qui\u00e9n \u201cfregamos\u201d.<\/p>\n<p>No se trata de callar voces al contrario las est\u00e1 escuchando, se respeta a los medios de comunicaci\u00f3n, por lo que si hoy se reciben cr\u00edticas como las que hacen de repente, que falta car\u00e1cter, pero si el car\u00e1cter es el bandolero, el no lo es.<\/p>\n<p>Finalmente se\u00f1al\u00f3 que, \u201ctenemos que gobernar ahorita mismo para el presente, pero gobernar el pasado que tenemos que corregir y pues son dos frentes que estamos atendiendo todos los d\u00edas y as\u00ed lo haremos, con toda la fuerza mientras tengamos fuerza, cuerda y salud\u201d.<\/p>\n","protected":false},"excerpt":{"rendered":"<p>Dario Pale Xalapa, Ver.- El secretario de gobierno Ricardo Ahued Bardahuil dio a conocer que, \u201ctenemos que gobernar ahorita mismo para el presente, pero gobernar el pasado que tenemos que corregir y pues son dos frentes que estamos atendiendo todos\u201d. En entrevista para una estaci\u00f3n de radio se\u00f1al\u00f3 que, la pol\u00edtica que ha implementado la [&hellip;]<\/p>\n","protected":false},"author":2476,"featured_media":67196,"comment_status":"open","ping_status":"open","sticky":false,"template":"","format":"standard","meta":{"_jetpack_memberships_contains_paid_content":false,"footnotes":""},"categories":[2],"tags":[],"class_list":["post-67195","post","type-post","status-publish","format-standard","has-post-thumbnail","hentry","category-estado"],"jetpack_featured_media_url":"https:\/\/encuentroinformativo.com.mx\/wp-content\/uploads\/2025\/05\/IMG-20250515-WA0278.jpg","jetpack_sharing_enabled":true,"jetpack_likes_enabled":true,"amp_enabled":true,"_links":{"self":[{"href":"https:\/\/encuentroinformativo.com.mx\/index.php?rest_route=\/wp\/v2\/posts\/67195","targetHints":{"allow":["GET"]}}],"collection":[{"href":"https:\/\/encuentroinformativo.com.mx\/index.php?rest_route=\/wp\/v2\/posts"}],"about":[{"href":"https:\/\/encuentroinformativo.com.mx\/index.php?rest_route=\/wp\/v2\/types\/post"}],"author":[{"embeddable":true,"href":"https:\/\/encuentroinformativo.com.mx\/index.php?rest_route=\/wp\/v2\/users\/2476"}],"replies":[{"embeddable":true,"href":"https:\/\/encuentroinformativo.com.mx\/index.php?rest_route=%2Fwp%2Fv2%2Fcomments&post=67195"}],"version-history":[{"count":1,"href":"https:\/\/encuentroinformativo.com.mx\/index.php?rest_route=\/wp\/v2\/posts\/67195\/revisions"}],"predecessor-version":[{"id":67197,"href":"https:\/\/encuentroinformativo.com.mx\/index.php?rest_route=\/wp\/v2\/posts\/67195\/revisions\/67197"}],"wp:featuredmedia":[{"embeddable":true,"href":"https:\/\/encuentroinformativo.com.mx\/index.php?rest_route=\/wp\/v2\/media\/67196"}],"wp:attachment":[{"href":"https:\/\/encuentroinformativo.com.mx\/index.php?rest_route=%2Fwp%2Fv2%2Fmedia&parent=67195"}],"wp:term":[{"taxonomy":"category","embeddable":true,"href":"https:\/\/encuentroinformativo.com.mx\/index.php?rest_route=%2Fwp%2Fv2%2Fcategories&post=67195"},{"taxonomy":"post_tag","embeddable":true,"href":"https:\/\/encuentroinformativo.com.mx\/index.php?rest_route=%2Fwp%2Fv2%2Ftags&post=67195"}],"curies":[{"name":"wp","href":"https:\/\/api.w.org\/{rel}","templated":true}]}}