{"id":67198,"date":"2025-05-15T18:46:11","date_gmt":"2025-05-16T00:46:11","guid":{"rendered":"https:\/\/encuentroinformativo.com.mx\/?p=67198"},"modified":"2025-05-15T18:46:11","modified_gmt":"2025-05-16T00:46:11","slug":"en-caso-coxquihui-ya-hay-ordenes-de-aprehension-gobernadora","status":"publish","type":"post","link":"https:\/\/encuentroinformativo.com.mx\/?p=67198","title":{"rendered":"En caso Coxquihui, ya hay \u00f3rdenes de aprehensi\u00f3n: Gobernadora"},"content":{"rendered":"<p><strong>Dar\u00edo Pale<\/strong><\/p>\n<p>Xalapa, Ver.- La gobernadora Norma Roc\u00edo Nahle Garc\u00eda dio a conocer que en lo que se refiere al tema de Coxquihui ya tienen \u00f3rdenes de aprehensi\u00f3n porque ya hay personas identificadas y de Texistepec ya hay detenidos la Fiscal\u00eda General de la Rep\u00fablica (FGR) y la Fiscal\u00eda General del Estado (FGE), ya tienen \u00f3rdenes de aprehensi\u00f3n.<\/p>\n<p>En entrevista para una estaci\u00f3n de radio dio a conocer que en lo que se refiere a los casos de Texistepec y Coxquihui, donde dos candidatos perdieron la vida en una forma cobarde,la FGR y la FGE est\u00e1n trabajando y ya tienen \u00f3rdenes de aprehensi\u00f3n y asi van a seguir trabajando.<\/p>\n<p>Coment\u00f3 que en Texistepec ya cuentan con detenidos y en Coxquihui la orden de aprehensi\u00f3n ya est\u00e1 emitida y est\u00e1n localizando a las personas las cuales ya fueron identificados y si salieron de territorio veracruzano, se van a buscar en todo el en todo el pa\u00eds, por eso est\u00e1n coordinados a nivel nacional y esto es para ella muy importante explic\u00e1rselo a la gente, no caer en provocaciones.<\/p>\n<p>Coment\u00f3 que no pueden retroceder en la democracia que han construido en Veracruz y puso por ejemplo que hace un a\u00f1o el pueblo de Veracruz dio una muestra c\u00edvica, pero de manera gigante, ella es prueba de ello.<\/p>\n<p>Adem\u00e1s de que desminti\u00f3 que la Marina haya tomado el mando del C5, el control lo tiene la polic\u00eda del estado la polic\u00eda naval solo los est\u00e1 apoyando como siempre lo han hecho.<\/p>\n<p>\u201cLo que se est\u00e1 haciendo es un trabajo coordinado con todas las fuerzas de seguridad de apoyo que nos mandan, por supuesto, miren, yo tengo que garantizar que todo est\u00e9 en paz, que todos salgan a votar y no caer en este tema de campa\u00f1a de miedo, campa\u00f1a de intimidaci\u00f3n, nosotros en Veracruz ya desde hace muchos a\u00f1os pasamos eso, desde hace muchos a\u00f1os, entonces hemos avanzado y tenemos que seguir avanzando\u201d, se\u00f1al\u00f3.<\/p>\n<p>\u201cA excepci\u00f3n de dos casos de Texistepec y de Coxquihui, donde, bueno, ah\u00ed tuvimos un tema de violencia pol\u00edtica porque matan a dos candidatos y bueno, pues enseguida se pidi\u00f3 ayuda, refuerzos, investigaci\u00f3n y ya tenemos \u00f3rdenes de aprehensi\u00f3n\u201d, agreg\u00f3.<\/p>\n<p>En otro orden de ideas coment\u00f3 que tiene que garantizar las elecciones para que se lleven a cabo de forma democr\u00e1tica, libre, tranquilas, en paz y que todos puedan salir a votar, con total libertad y total seguridad.<\/p>\n<p>Inform\u00f3 que hasta el momento, \u201ctodos los d\u00edas trabajamos en la mesa de seguridad, tomamos estrategias, reforzamos zonas, reforzamos lugares, si es en el norte, si es en la sierra, si es en el sur o en el centro y estamos abarcando, pues dando seguridad a toda a todos los candidatos, m\u00e1s de 75 candidatos han estado pidiendo seguridad, les hemos pedido y los hemos invitado a que hagan denuncias para saber si tienen una real amenaza, pero aunque no hagan las denuncias les estamos dando seguridad\u201d.<\/p>\n<p>Finalmente dio a conocer que en Veracruz, Boca del R\u00edo, Alvarado, Medell\u00edn, esta zona, la agencia de investigaci\u00f3n de la FGR envi\u00f3 este mi\u00e9rcoles en la tarde noche cerca de 300 elementos para dar seguridad, rondines, se van a sumar con la Guardia Nacional, se van a sumar con la secretar\u00eda de Marina con la misma polic\u00eda del Estado, para garantizar tranquilidad y la seguridad.<\/p>\n","protected":false},"excerpt":{"rendered":"<p>Dar\u00edo Pale Xalapa, Ver.- La gobernadora Norma Roc\u00edo Nahle Garc\u00eda dio a conocer que en lo que se refiere al tema de Coxquihui ya tienen \u00f3rdenes de aprehensi\u00f3n porque ya hay personas identificadas y de Texistepec ya hay detenidos la Fiscal\u00eda General de la Rep\u00fablica (FGR) y la Fiscal\u00eda General del Estado (FGE), ya tienen [&hellip;]<\/p>\n","protected":false},"author":2476,"featured_media":67199,"comment_status":"open","ping_status":"open","sticky":false,"template":"","format":"standard","meta":{"_jetpack_memberships_contains_paid_content":false,"footnotes":""},"categories":[2],"tags":[],"class_list":["post-67198","post","type-post","status-publish","format-standard","has-post-thumbnail","hentry","category-estado"],"jetpack_featured_media_url":"https:\/\/encuentroinformativo.com.mx\/wp-content\/uploads\/2025\/05\/IMG-20250515-WA03022.jpg","jetpack_sharing_enabled":true,"jetpack_likes_enabled":true,"amp_enabled":true,"_links":{"self":[{"href":"https:\/\/encuentroinformativo.com.mx\/index.php?rest_route=\/wp\/v2\/posts\/67198","targetHints":{"allow":["GET"]}}],"collection":[{"href":"https:\/\/encuentroinformativo.com.mx\/index.php?rest_route=\/wp\/v2\/posts"}],"about":[{"href":"https:\/\/encuentroinformativo.com.mx\/index.php?rest_route=\/wp\/v2\/types\/post"}],"author":[{"embeddable":true,"href":"https:\/\/encuentroinformativo.com.mx\/index.php?rest_route=\/wp\/v2\/users\/2476"}],"replies":[{"embeddable":true,"href":"https:\/\/encuentroinformativo.com.mx\/index.php?rest_route=%2Fwp%2Fv2%2Fcomments&post=67198"}],"version-history":[{"count":1,"href":"https:\/\/encuentroinformativo.com.mx\/index.php?rest_route=\/wp\/v2\/posts\/67198\/revisions"}],"predecessor-version":[{"id":67200,"href":"https:\/\/encuentroinformativo.com.mx\/index.php?rest_route=\/wp\/v2\/posts\/67198\/revisions\/67200"}],"wp:featuredmedia":[{"embeddable":true,"href":"https:\/\/encuentroinformativo.com.mx\/index.php?rest_route=\/wp\/v2\/media\/67199"}],"wp:attachment":[{"href":"https:\/\/encuentroinformativo.com.mx\/index.php?rest_route=%2Fwp%2Fv2%2Fmedia&parent=67198"}],"wp:term":[{"taxonomy":"category","embeddable":true,"href":"https:\/\/encuentroinformativo.com.mx\/index.php?rest_route=%2Fwp%2Fv2%2Fcategories&post=67198"},{"taxonomy":"post_tag","embeddable":true,"href":"https:\/\/encuentroinformativo.com.mx\/index.php?rest_route=%2Fwp%2Fv2%2Ftags&post=67198"}],"curies":[{"name":"wp","href":"https:\/\/api.w.org\/{rel}","templated":true}]}}