{"id":6720,"date":"2020-10-09T11:36:01","date_gmt":"2020-10-09T16:36:01","guid":{"rendered":"https:\/\/encuentroinformativo.com.mx\/?p=6720"},"modified":"2020-10-09T11:36:05","modified_gmt":"2020-10-09T16:36:05","slug":"arriba-embajador-de-eu-a-veracruz-puerto","status":"publish","type":"post","link":"https:\/\/encuentroinformativo.com.mx\/?p=6720","title":{"rendered":"Arriba Embajador de EU a Veracruz puerto"},"content":{"rendered":"\n<p><strong>Alejandro \u00c1vila<\/strong><\/p>\n\n\n\n<p>Veracruz, Ver.- En vuelo comercial que aterriz\u00f3 a las 10 de la ma\u00f1ana, lleg\u00f3 el embajador de Estados Unidos Christopher Landau, quien tiene programada una importante reuni\u00f3n con empresarios norteamericanos que invierten en la Administraci\u00f3n Portuaria Integral de Veracruz (APIVER), as\u00ed como en la Riviera Veracruzana en Alvarado.<\/p>\n\n\n\n<p>Acompa\u00f1ado de Gabriel Feddersen, Especialista en Pol\u00edtica, y Chris Willford, Vice C\u00f3nsul, y un grupo de cerca de 10 guardaespaldas del Servicio de Seguridad Diplom\u00e1tica, sin aspaviento, fresco, con una guayabera artesanal blanca y pantal\u00f3n de lino claro, camin\u00f3 con rumbo a la camioneta Suburban color arena, que lo esperaba.<\/p>\n\n\n\n<p>Al solicitarle los medios de comunicaci\u00f3n una entrevista, se neg\u00f3 a concederla, pero al cuestionarle como se sent\u00eda de estar de la ciudad de Veracruz, exclam\u00f3 &#8220;muy contento de estar aqu\u00ed, nos vemos pronto&#8221;, y abord\u00f3 la unidad m\u00f3vil que se hizo acompa\u00f1ar atr\u00e1s de una camioneta negra con personal de seguridad.<\/p>\n\n\n\n<p>Si bien en Gobierno del Estado se volvieron locos durante el jueves al enterarse de la visita del embajador Landau, de la cual evidentemente no ten\u00edan conocimiento, a trav\u00e9s de su equipo de prensa se intent\u00f3 minimizar el desprecio del norteamericano a Cuitl\u00e1huac Garc\u00eda Jim\u00e9nez, por lo que la noche del jueves se lanz\u00f3 un comunicado donde se aseguraba que el gobernador recibir\u00eda al embajador a su llegada a Veracruz.<\/p>\n\n\n\n<p>Evidentemente esto no sucedi\u00f3, ninguna persona de Gobierno del Estado de Veracruz estuvo presente en el aeropuerto &#8220;Heriberto Jara Corona&#8221; para darle la bienvenida al diplom\u00e1tico.<\/p>\n\n\n\n<p>El convoy del embajador se dirigio al hotel Double Tree by Hilton, donde se hospedar\u00e1 y por la tarde sostendr\u00e1 la improvisada reuni\u00f3n con parte el gabinete del Gobierno de Veracruz, previo a la cita estelar de la noche con empresarios.<\/p>\n\n\n\n<p>Cabe recordar que el d\u00eda s\u00e1bado, ser\u00e1 el invitado de honor en la inauguraci\u00f3n de la exposici\u00f3n &#8220;Todo Veracruz es Bello&#8221; del foto periodista veracruzano Hugo Garrido, el evento ser\u00e1 privado y se realizar\u00e1 en el Recinto de la Reforma a las 4 de la tarde, donde tambi\u00e9n estar\u00e1 presente el alcalde de Veracruz Fernando Yunes M\u00e1rquez.<\/p>\n\n\n\n<figure class=\"wp-block-image size-large\"><img loading=\"lazy\" decoding=\"async\" width=\"1024\" height=\"733\" src=\"https:\/\/encuentroinformativo.com.mx\/wp-content\/uploads\/2020\/10\/F58142D9-4EA9-4D56-979C-9066CA31DBF5-1024x733.jpeg\" alt=\"\" class=\"wp-image-6722\" srcset=\"https:\/\/encuentroinformativo.com.mx\/wp-content\/uploads\/2020\/10\/F58142D9-4EA9-4D56-979C-9066CA31DBF5-1024x733.jpeg 1024w, https:\/\/encuentroinformativo.com.mx\/wp-content\/uploads\/2020\/10\/F58142D9-4EA9-4D56-979C-9066CA31DBF5-300x215.jpeg 300w, https:\/\/encuentroinformativo.com.mx\/wp-content\/uploads\/2020\/10\/F58142D9-4EA9-4D56-979C-9066CA31DBF5-768x550.jpeg 768w, https:\/\/encuentroinformativo.com.mx\/wp-content\/uploads\/2020\/10\/F58142D9-4EA9-4D56-979C-9066CA31DBF5-322x230.jpeg 322w, https:\/\/encuentroinformativo.com.mx\/wp-content\/uploads\/2020\/10\/F58142D9-4EA9-4D56-979C-9066CA31DBF5.jpeg 1105w\" sizes=\"auto, (max-width: 1024px) 100vw, 1024px\" \/><\/figure>\n","protected":false},"excerpt":{"rendered":"<p>Alejandro \u00c1vila Veracruz, Ver.- En vuelo comercial que aterriz\u00f3 a las 10 de la ma\u00f1ana, lleg\u00f3 el embajador de Estados Unidos Christopher Landau, quien tiene programada una importante reuni\u00f3n con empresarios norteamericanos que invierten en la Administraci\u00f3n Portuaria Integral de Veracruz (APIVER), as\u00ed como en la Riviera Veracruzana en Alvarado. Acompa\u00f1ado de Gabriel Feddersen, Especialista [&hellip;]<\/p>\n","protected":false},"author":1,"featured_media":6721,"comment_status":"open","ping_status":"open","sticky":false,"template":"","format":"standard","meta":{"_jetpack_memberships_contains_paid_content":false,"footnotes":""},"categories":[2],"tags":[],"class_list":["post-6720","post","type-post","status-publish","format-standard","has-post-thumbnail","hentry","category-estado"],"jetpack_featured_media_url":"https:\/\/encuentroinformativo.com.mx\/wp-content\/uploads\/2020\/10\/89628658-A763-456A-B199-3F55283CE0BE.jpeg","jetpack_sharing_enabled":true,"jetpack_likes_enabled":true,"amp_enabled":true,"_links":{"self":[{"href":"https:\/\/encuentroinformativo.com.mx\/index.php?rest_route=\/wp\/v2\/posts\/6720","targetHints":{"allow":["GET"]}}],"collection":[{"href":"https:\/\/encuentroinformativo.com.mx\/index.php?rest_route=\/wp\/v2\/posts"}],"about":[{"href":"https:\/\/encuentroinformativo.com.mx\/index.php?rest_route=\/wp\/v2\/types\/post"}],"author":[{"embeddable":true,"href":"https:\/\/encuentroinformativo.com.mx\/index.php?rest_route=\/wp\/v2\/users\/1"}],"replies":[{"embeddable":true,"href":"https:\/\/encuentroinformativo.com.mx\/index.php?rest_route=%2Fwp%2Fv2%2Fcomments&post=6720"}],"version-history":[{"count":1,"href":"https:\/\/encuentroinformativo.com.mx\/index.php?rest_route=\/wp\/v2\/posts\/6720\/revisions"}],"predecessor-version":[{"id":6723,"href":"https:\/\/encuentroinformativo.com.mx\/index.php?rest_route=\/wp\/v2\/posts\/6720\/revisions\/6723"}],"wp:featuredmedia":[{"embeddable":true,"href":"https:\/\/encuentroinformativo.com.mx\/index.php?rest_route=\/wp\/v2\/media\/6721"}],"wp:attachment":[{"href":"https:\/\/encuentroinformativo.com.mx\/index.php?rest_route=%2Fwp%2Fv2%2Fmedia&parent=6720"}],"wp:term":[{"taxonomy":"category","embeddable":true,"href":"https:\/\/encuentroinformativo.com.mx\/index.php?rest_route=%2Fwp%2Fv2%2Fcategories&post=6720"},{"taxonomy":"post_tag","embeddable":true,"href":"https:\/\/encuentroinformativo.com.mx\/index.php?rest_route=%2Fwp%2Fv2%2Ftags&post=6720"}],"curies":[{"name":"wp","href":"https:\/\/api.w.org\/{rel}","templated":true}]}}